{"id":4386,"date":"2021-06-29T17:14:34","date_gmt":"2021-06-29T15:14:34","guid":{"rendered":"https:\/\/www.tollegno1900.it\/?p=4386"},"modified":"2021-07-01T09:36:43","modified_gmt":"2021-07-01T07:36:43","slug":"feel-the-contest-eletto-il-vincitore-assoluto","status":"publish","type":"post","link":"https:\/\/www.tollegno1900.it\/it\/feel-the-contest-eletto-il-vincitore-assoluto\/","title":{"rendered":"Feel The Contest: eletto il vincitore assoluto"},"content":{"rendered":"<p>Realizzare una capsule collection di 12 outfit per la stagione SS22, interamente Made in Italy e prevalentemente in maglia: questo il premio della prima edizione di \u201cFeel The Contest\u201d &#8211; concorso proposto da Feel the Yarn, in collaborazione con Pitti Immagine &#8211; che ha dichiarato vincitrice assoluta\u00a0<strong>Raquel de Carvalho<\/strong> accostata a <strong>ISY by Torcitura di Domaso.<\/strong><\/p>\n<p>La giovane designer ha avuto la meglio sugli altri quattro creativi,\u00a0come lei selezionati\u00a0grazie ai like raccolti sul gruppo privato di Facebook \u201cFTY for New Designers\u201d nella prima fase del concorso svoltasi on line:\u00a0Edoardo Terribilini abbinato alla Manifattura Sesia, Sara Zanetti associata a Tollegno 1900, Anna Baroni accoppiata a Filmar e Enola Cappellari in partnership con Filati Biagioli Modesto.<\/p>\n<p>A riconoscere il valore dei due capi in maglia frutto del talento e dell\u2019estro di\u00a0Raquel de Carvalho \u00e8 stata una giuria di caratura anche internazionale composta da<em>\u00a0<\/em>Antonio Cristaudo (Commercial and development director di Pitti Immagine),<em>\u00a0<\/em>Chen Lung Chin (Designer), Elisabetta Scarpini (Art director del Magazine Feel the Yarn), Federico Rocca (Chief editor di Vanity Fair), Ornella Bignami (Art director di Elementi Moda) e Vittorio Branchizio (Creative Director research at Shima Seiki).<\/p>\n<p>I sei esperti del comparto moda hanno espresso la loro preferenza sulla base di una scheda articolata su 4 temi &#8211; \u201clivello di creativit\u00e0 del capo\u201d, \u201ccompetenza tecnica\u201d, \u201cinterpretazione del tema \u201cFluid\u201d e \u201ccapacit\u00e0 di valorizzazione del filato\u201d &#8211; a ciascuno dei quali \u00e8 stato attribuito un punteggio da 1 a 5.<\/p>\n<p>\u201c<em>Un premio che rappresenta l\u2019attenzione che da sempre Feel the Yarn riserva alle nuove generazioni, investendo sulle loro capacit\u00e0 grazie anche al contributo dei nostri associati.<\/em>\u00a0<em>Questa prima edizione di \u201cFeel The Contest\u201d, nata a seguito dell\u2019esperienza fatta nel 2020 con \u201cFeel the Yarn \u2013 The Contest\u201d in versione digital &#8211;\u00a0<\/em>spiega Federico Gualtieri, Presidente del Consorzio Promozione Filati \u2013\u00a0<em>lo conferma pienamente. Un esperimento, quello realizzato con questo nuovo format, che si chiude con segno positivo e con l\u2019entusiasmo degli organizzatori e dei partecipanti, chiamati ad un lavoro di squadra nel segno del miglior saper fare italiano. Un\u2019abilit\u00e0 che \u00e8 andata di pari passo con la disponibilit\u00e0 delle aziende che hanno creduto nel progetto e si sono messe in gioco, fornendo filati e competenze per sostenere nuovi talenti. Un chiaro segnale di quanto la collaborazione tra i diversi player del settore sia la chiave di volta su cui costruire il futuro\u00a0della filatura e della maglieria italiana\u201d.<\/em><\/p>\n","protected":false},"excerpt":{"rendered":"<p>A Pitti Immagini Filati sale sul podio della prima edizione del concorso promosso da Feel the Yarn Raquel de Carvalho accostata a ISY by Torcitura di Domaso.<\/p>\n","protected":false},"author":3,"featured_media":4391,"comment_status":"closed","ping_status":"closed","sticky":false,"template":"","format":"standard","meta":{"_acf_changed":false,"footnotes":""},"categories":[7,10,150],"tags":[99,23,361],"orientamento_articolo":[13],"class_list":["post-4386","post","type-post","status-publish","format-standard","has-post-thumbnail","hentry","category-filati","category-stile-e-tendenze","category-t-network","tag-feel-the-contest","tag-feel-the-yarn","tag-raquel-de-carvalho","orientamento_articolo-orizzontale"],"acf":[],"yoast_head":"<!-- This site is optimized with the Yoast SEO plugin v27.2 - https:\/\/yoast.com\/product\/yoast-seo-wordpress\/ -->\n<title>Feel The Contest: eletto il vincitore assoluto - Tollegno 1900<\/title>\n<meta name=\"robots\" content=\"index, follow, max-snippet:-1, max-image-preview:large, max-video-preview:-1\" \/>\n<link rel=\"canonical\" href=\"https:\/\/www.tollegno1900.it\/it\/feel-the-contest-eletto-il-vincitore-assoluto\/\" \/>\n<meta property=\"og:locale\" content=\"it_IT\" \/>\n<meta property=\"og:type\" content=\"article\" \/>\n<meta property=\"og:title\" content=\"Feel The Contest: eletto il vincitore assoluto - Tollegno 1900\" \/>\n<meta property=\"og:description\" content=\"A Pitti Immagini Filati sale sul podio della prima edizione del concorso promosso da Feel the Yarn Raquel de Carvalho accostata a ISY by Torcitura di Domaso.\" \/>\n<meta property=\"og:url\" content=\"https:\/\/www.tollegno1900.it\/it\/feel-the-contest-eletto-il-vincitore-assoluto\/\" \/>\n<meta property=\"og:site_name\" content=\"Tollegno 1900\" \/>\n<meta property=\"article:published_time\" content=\"2021-06-29T15:14:34+00:00\" \/>\n<meta property=\"article:modified_time\" content=\"2021-07-01T07:36:43+00:00\" \/>\n<meta property=\"og:image\" content=\"https:\/\/www.tollegno1900.it\/wp-content\/uploads\/2021\/06\/IMG_1993-rotated.jpg\" \/>\n\t<meta property=\"og:image:width\" content=\"1512\" \/>\n\t<meta property=\"og:image:height\" content=\"2016\" \/>\n\t<meta property=\"og:image:type\" content=\"image\/jpeg\" \/>\n<meta name=\"author\" content=\"Raffaella Borea\" \/>\n<meta name=\"twitter:card\" content=\"summary_large_image\" \/>\n<meta name=\"twitter:label1\" content=\"Scritto da\" \/>\n\t<meta name=\"twitter:data1\" content=\"Raffaella Borea\" \/>\n\t<meta name=\"twitter:label2\" content=\"Tempo di lettura stimato\" \/>\n\t<meta name=\"twitter:data2\" content=\"2 minuti\" \/>\n<script type=\"application\/ld+json\" class=\"yoast-schema-graph\">{\"@context\":\"https:\/\/schema.org\",\"@graph\":[{\"@type\":\"Article\",\"@id\":\"https:\/\/www.tollegno1900.it\/it\/feel-the-contest-eletto-il-vincitore-assoluto\/#article\",\"isPartOf\":{\"@id\":\"https:\/\/www.tollegno1900.it\/it\/feel-the-contest-eletto-il-vincitore-assoluto\/\"},\"author\":{\"name\":\"Raffaella Borea\",\"@id\":\"https:\/\/www.tollegno1900.it\/it\/#\/schema\/person\/0754c61a56e7b94abd36238cda23d4da\"},\"headline\":\"Feel The Contest: eletto il vincitore assoluto\",\"datePublished\":\"2021-06-29T15:14:34+00:00\",\"dateModified\":\"2021-07-01T07:36:43+00:00\",\"mainEntityOfPage\":{\"@id\":\"https:\/\/www.tollegno1900.it\/it\/feel-the-contest-eletto-il-vincitore-assoluto\/\"},\"wordCount\":402,\"image\":{\"@id\":\"https:\/\/www.tollegno1900.it\/it\/feel-the-contest-eletto-il-vincitore-assoluto\/#primaryimage\"},\"thumbnailUrl\":\"https:\/\/www.tollegno1900.it\/wp-content\/uploads\/2021\/06\/IMG_1993-rotated.jpg\",\"keywords\":[\"Feel The Contest\",\"Feel the Yarn\",\"Raquel de Carvalho\"],\"articleSection\":[\"Filati\",\"Stile e Tendenze\",\"T Network\"],\"inLanguage\":\"it-IT\"},{\"@type\":\"WebPage\",\"@id\":\"https:\/\/www.tollegno1900.it\/it\/feel-the-contest-eletto-il-vincitore-assoluto\/\",\"url\":\"https:\/\/www.tollegno1900.it\/it\/feel-the-contest-eletto-il-vincitore-assoluto\/\",\"name\":\"Feel The Contest: eletto il vincitore assoluto - Tollegno 1900\",\"isPartOf\":{\"@id\":\"https:\/\/www.tollegno1900.it\/it\/#website\"},\"primaryImageOfPage\":{\"@id\":\"https:\/\/www.tollegno1900.it\/it\/feel-the-contest-eletto-il-vincitore-assoluto\/#primaryimage\"},\"image\":{\"@id\":\"https:\/\/www.tollegno1900.it\/it\/feel-the-contest-eletto-il-vincitore-assoluto\/#primaryimage\"},\"thumbnailUrl\":\"https:\/\/www.tollegno1900.it\/wp-content\/uploads\/2021\/06\/IMG_1993-rotated.jpg\",\"datePublished\":\"2021-06-29T15:14:34+00:00\",\"dateModified\":\"2021-07-01T07:36:43+00:00\",\"author\":{\"@id\":\"https:\/\/www.tollegno1900.it\/it\/#\/schema\/person\/0754c61a56e7b94abd36238cda23d4da\"},\"breadcrumb\":{\"@id\":\"https:\/\/www.tollegno1900.it\/it\/feel-the-contest-eletto-il-vincitore-assoluto\/#breadcrumb\"},\"inLanguage\":\"it-IT\",\"potentialAction\":[{\"@type\":\"ReadAction\",\"target\":[\"https:\/\/www.tollegno1900.it\/it\/feel-the-contest-eletto-il-vincitore-assoluto\/\"]}]},{\"@type\":\"ImageObject\",\"inLanguage\":\"it-IT\",\"@id\":\"https:\/\/www.tollegno1900.it\/it\/feel-the-contest-eletto-il-vincitore-assoluto\/#primaryimage\",\"url\":\"https:\/\/www.tollegno1900.it\/wp-content\/uploads\/2021\/06\/IMG_1993-rotated.jpg\",\"contentUrl\":\"https:\/\/www.tollegno1900.it\/wp-content\/uploads\/2021\/06\/IMG_1993-rotated.jpg\",\"width\":1512,\"height\":2016},{\"@type\":\"BreadcrumbList\",\"@id\":\"https:\/\/www.tollegno1900.it\/it\/feel-the-contest-eletto-il-vincitore-assoluto\/#breadcrumb\",\"itemListElement\":[{\"@type\":\"ListItem\",\"position\":1,\"name\":\"Home\",\"item\":\"https:\/\/www.tollegno1900.it\/it\/\"},{\"@type\":\"ListItem\",\"position\":2,\"name\":\"Feel The Contest: eletto il vincitore assoluto\"}]},{\"@type\":\"WebSite\",\"@id\":\"https:\/\/www.tollegno1900.it\/it\/#website\",\"url\":\"https:\/\/www.tollegno1900.it\/it\/\",\"name\":\"Tollegno 1900\",\"description\":\"Tessitura e Filatura\",\"potentialAction\":[{\"@type\":\"SearchAction\",\"target\":{\"@type\":\"EntryPoint\",\"urlTemplate\":\"https:\/\/www.tollegno1900.it\/it\/?s={search_term_string}\"},\"query-input\":{\"@type\":\"PropertyValueSpecification\",\"valueRequired\":true,\"valueName\":\"search_term_string\"}}],\"inLanguage\":\"it-IT\"},{\"@type\":\"Person\",\"@id\":\"https:\/\/www.tollegno1900.it\/it\/#\/schema\/person\/0754c61a56e7b94abd36238cda23d4da\",\"name\":\"Raffaella Borea\",\"image\":{\"@type\":\"ImageObject\",\"inLanguage\":\"it-IT\",\"@id\":\"https:\/\/secure.gravatar.com\/avatar\/6b528fdab6e028709f1bbac099888f502f4435e4dca51bdb78eb29a13d9251cb?s=96&d=mm&r=g\",\"url\":\"https:\/\/secure.gravatar.com\/avatar\/6b528fdab6e028709f1bbac099888f502f4435e4dca51bdb78eb29a13d9251cb?s=96&d=mm&r=g\",\"contentUrl\":\"https:\/\/secure.gravatar.com\/avatar\/6b528fdab6e028709f1bbac099888f502f4435e4dca51bdb78eb29a13d9251cb?s=96&d=mm&r=g\",\"caption\":\"Raffaella Borea\"},\"url\":\"https:\/\/www.tollegno1900.it\/it\/author\/raffaella-1900\/\"}]}<\/script>\n<!-- \/ Yoast SEO plugin. -->","yoast_head_json":{"title":"Feel The Contest: eletto il vincitore assoluto - Tollegno 1900","robots":{"index":"index","follow":"follow","max-snippet":"max-snippet:-1","max-image-preview":"max-image-preview:large","max-video-preview":"max-video-preview:-1"},"canonical":"https:\/\/www.tollegno1900.it\/it\/feel-the-contest-eletto-il-vincitore-assoluto\/","og_locale":"it_IT","og_type":"article","og_title":"Feel The Contest: eletto il vincitore assoluto - Tollegno 1900","og_description":"A Pitti Immagini Filati sale sul podio della prima edizione del concorso promosso da Feel the Yarn Raquel de Carvalho accostata a ISY by Torcitura di Domaso.","og_url":"https:\/\/www.tollegno1900.it\/it\/feel-the-contest-eletto-il-vincitore-assoluto\/","og_site_name":"Tollegno 1900","article_published_time":"2021-06-29T15:14:34+00:00","article_modified_time":"2021-07-01T07:36:43+00:00","og_image":[{"width":1512,"height":2016,"url":"https:\/\/www.tollegno1900.it\/wp-content\/uploads\/2021\/06\/IMG_1993-rotated.jpg","type":"image\/jpeg"}],"author":"Raffaella Borea","twitter_card":"summary_large_image","twitter_misc":{"Scritto da":"Raffaella Borea","Tempo di lettura stimato":"2 minuti"},"schema":{"@context":"https:\/\/schema.org","@graph":[{"@type":"Article","@id":"https:\/\/www.tollegno1900.it\/it\/feel-the-contest-eletto-il-vincitore-assoluto\/#article","isPartOf":{"@id":"https:\/\/www.tollegno1900.it\/it\/feel-the-contest-eletto-il-vincitore-assoluto\/"},"author":{"name":"Raffaella Borea","@id":"https:\/\/www.tollegno1900.it\/it\/#\/schema\/person\/0754c61a56e7b94abd36238cda23d4da"},"headline":"Feel The Contest: eletto il vincitore assoluto","datePublished":"2021-06-29T15:14:34+00:00","dateModified":"2021-07-01T07:36:43+00:00","mainEntityOfPage":{"@id":"https:\/\/www.tollegno1900.it\/it\/feel-the-contest-eletto-il-vincitore-assoluto\/"},"wordCount":402,"image":{"@id":"https:\/\/www.tollegno1900.it\/it\/feel-the-contest-eletto-il-vincitore-assoluto\/#primaryimage"},"thumbnailUrl":"https:\/\/www.tollegno1900.it\/wp-content\/uploads\/2021\/06\/IMG_1993-rotated.jpg","keywords":["Feel The Contest","Feel the Yarn","Raquel de Carvalho"],"articleSection":["Filati","Stile e Tendenze","T Network"],"inLanguage":"it-IT"},{"@type":"WebPage","@id":"https:\/\/www.tollegno1900.it\/it\/feel-the-contest-eletto-il-vincitore-assoluto\/","url":"https:\/\/www.tollegno1900.it\/it\/feel-the-contest-eletto-il-vincitore-assoluto\/","name":"Feel The Contest: eletto il vincitore assoluto - Tollegno 1900","isPartOf":{"@id":"https:\/\/www.tollegno1900.it\/it\/#website"},"primaryImageOfPage":{"@id":"https:\/\/www.tollegno1900.it\/it\/feel-the-contest-eletto-il-vincitore-assoluto\/#primaryimage"},"image":{"@id":"https:\/\/www.tollegno1900.it\/it\/feel-the-contest-eletto-il-vincitore-assoluto\/#primaryimage"},"thumbnailUrl":"https:\/\/www.tollegno1900.it\/wp-content\/uploads\/2021\/06\/IMG_1993-rotated.jpg","datePublished":"2021-06-29T15:14:34+00:00","dateModified":"2021-07-01T07:36:43+00:00","author":{"@id":"https:\/\/www.tollegno1900.it\/it\/#\/schema\/person\/0754c61a56e7b94abd36238cda23d4da"},"breadcrumb":{"@id":"https:\/\/www.tollegno1900.it\/it\/feel-the-contest-eletto-il-vincitore-assoluto\/#breadcrumb"},"inLanguage":"it-IT","potentialAction":[{"@type":"ReadAction","target":["https:\/\/www.tollegno1900.it\/it\/feel-the-contest-eletto-il-vincitore-assoluto\/"]}]},{"@type":"ImageObject","inLanguage":"it-IT","@id":"https:\/\/www.tollegno1900.it\/it\/feel-the-contest-eletto-il-vincitore-assoluto\/#primaryimage","url":"https:\/\/www.tollegno1900.it\/wp-content\/uploads\/2021\/06\/IMG_1993-rotated.jpg","contentUrl":"https:\/\/www.tollegno1900.it\/wp-content\/uploads\/2021\/06\/IMG_1993-rotated.jpg","width":1512,"height":2016},{"@type":"BreadcrumbList","@id":"https:\/\/www.tollegno1900.it\/it\/feel-the-contest-eletto-il-vincitore-assoluto\/#breadcrumb","itemListElement":[{"@type":"ListItem","position":1,"name":"Home","item":"https:\/\/www.tollegno1900.it\/it\/"},{"@type":"ListItem","position":2,"name":"Feel The Contest: eletto il vincitore assoluto"}]},{"@type":"WebSite","@id":"https:\/\/www.tollegno1900.it\/it\/#website","url":"https:\/\/www.tollegno1900.it\/it\/","name":"Tollegno 1900","description":"Tessitura e Filatura","potentialAction":[{"@type":"SearchAction","target":{"@type":"EntryPoint","urlTemplate":"https:\/\/www.tollegno1900.it\/it\/?s={search_term_string}"},"query-input":{"@type":"PropertyValueSpecification","valueRequired":true,"valueName":"search_term_string"}}],"inLanguage":"it-IT"},{"@type":"Person","@id":"https:\/\/www.tollegno1900.it\/it\/#\/schema\/person\/0754c61a56e7b94abd36238cda23d4da","name":"Raffaella Borea","image":{"@type":"ImageObject","inLanguage":"it-IT","@id":"https:\/\/secure.gravatar.com\/avatar\/6b528fdab6e028709f1bbac099888f502f4435e4dca51bdb78eb29a13d9251cb?s=96&d=mm&r=g","url":"https:\/\/secure.gravatar.com\/avatar\/6b528fdab6e028709f1bbac099888f502f4435e4dca51bdb78eb29a13d9251cb?s=96&d=mm&r=g","contentUrl":"https:\/\/secure.gravatar.com\/avatar\/6b528fdab6e028709f1bbac099888f502f4435e4dca51bdb78eb29a13d9251cb?s=96&d=mm&r=g","caption":"Raffaella Borea"},"url":"https:\/\/www.tollegno1900.it\/it\/author\/raffaella-1900\/"}]}},"_links":{"self":[{"href":"https:\/\/www.tollegno1900.it\/it\/wp-json\/wp\/v2\/posts\/4386","targetHints":{"allow":["GET"]}}],"collection":[{"href":"https:\/\/www.tollegno1900.it\/it\/wp-json\/wp\/v2\/posts"}],"about":[{"href":"https:\/\/www.tollegno1900.it\/it\/wp-json\/wp\/v2\/types\/post"}],"author":[{"embeddable":true,"href":"https:\/\/www.tollegno1900.it\/it\/wp-json\/wp\/v2\/users\/3"}],"replies":[{"embeddable":true,"href":"https:\/\/www.tollegno1900.it\/it\/wp-json\/wp\/v2\/comments?post=4386"}],"version-history":[{"count":2,"href":"https:\/\/www.tollegno1900.it\/it\/wp-json\/wp\/v2\/posts\/4386\/revisions"}],"predecessor-version":[{"id":4419,"href":"https:\/\/www.tollegno1900.it\/it\/wp-json\/wp\/v2\/posts\/4386\/revisions\/4419"}],"wp:featuredmedia":[{"embeddable":true,"href":"https:\/\/www.tollegno1900.it\/it\/wp-json\/wp\/v2\/media\/4391"}],"wp:attachment":[{"href":"https:\/\/www.tollegno1900.it\/it\/wp-json\/wp\/v2\/media?parent=4386"}],"wp:term":[{"taxonomy":"category","embeddable":true,"href":"https:\/\/www.tollegno1900.it\/it\/wp-json\/wp\/v2\/categories?post=4386"},{"taxonomy":"post_tag","embeddable":true,"href":"https:\/\/www.tollegno1900.it\/it\/wp-json\/wp\/v2\/tags?post=4386"},{"taxonomy":"orientamento_articolo","embeddable":true,"href":"https:\/\/www.tollegno1900.it\/it\/wp-json\/wp\/v2\/orientamento_articolo?post=4386"}],"curies":[{"name":"wp","href":"https:\/\/api.w.org\/{rel}","templated":true}]}}