{"id":5585,"date":"2022-03-26T08:43:52","date_gmt":"2022-03-26T07:43:52","guid":{"rendered":"https:\/\/www.tollegno1900.it\/?p=5585"},"modified":"2022-01-27T11:48:44","modified_gmt":"2022-01-27T10:48:44","slug":"classificazione-dei-filati-un-po-di-storia","status":"publish","type":"post","link":"https:\/\/www.tollegno1900.it\/it\/classificazione-dei-filati-un-po-di-storia\/","title":{"rendered":"Classificazione dei filati: un po\u2019 di storia"},"content":{"rendered":"<p><img decoding=\"async\" class=\"wp-image-5586 alignleft\" src=\"https:\/\/www.tollegno1900.it\/wp-content\/uploads\/2022\/01\/20191231_185717.jpg\" alt=\"\" width=\"219\" height=\"212\" srcset=\"https:\/\/www.tollegno1900.it\/wp-content\/uploads\/2022\/01\/20191231_185717.jpg 1200w, https:\/\/www.tollegno1900.it\/wp-content\/uploads\/2022\/01\/20191231_185717-300x291.jpg 300w, https:\/\/www.tollegno1900.it\/wp-content\/uploads\/2022\/01\/20191231_185717-1024x992.jpg 1024w, https:\/\/www.tollegno1900.it\/wp-content\/uploads\/2022\/01\/20191231_185717-768x744.jpg 768w\" sizes=\"(max-width: 219px) 100vw, 219px\" \/>Determinante per il commercio internazionale e per evitare danni economici consistenti, la classificazione dei filati affonda le radici nell\u2019Ottocento per evolvere di \u201cgenerazione in generazione\u201d e di \u201cpaese in paese\u201d confermando cos\u00ec la centralit\u00e0 del suo ruolo. \u201cLa questione della classificazione \u2013 racconta Marinella Bianco di Acta Progetti\u00a0referente dell\u2019Archivio Storico di Tollegno 1900\u00a0&#8211; era di\u00a0fondamentale importanza soprattutto per le aziende che, complice la confusione legata all\u2019assenza di una graduatoria comune, potevano incappare in pericolosi scivoloni per la loro economia. Si capisce cos\u00ec perch\u00e9, gi\u00e0 nell\u2019Ottocento, si parlava di\u00a0unificazione delle classificazioni internazionali delle lane gregge e dei tops (pettinato)\u00a0in grandi categorie.\u00a0\u00a0Le distinzioni delle lane erano: merine e incrociate; madricine e agnelline; sucide, saltate,\u00a0<em>scoured<\/em>, lavate a fondo; di tosa e di concia; di prima e di seconda tosa; ma anche diversificazioni sommarie da pettine e da carda; da industria e da negozio; per catena, mezza catena o trama.\u00a0Esistevano, inoltre, una classificazione sud-americana,\u00a0e in Europa, inglese che prevedeva 12 variet\u00e0 di lane o tops e si basava\u00a0sulle possibilit\u00e0 di filatura in base al peso.<\/p>\n<p>Anche i francesi intervennero nel dibattito, stilando una classifica che utilizzava per le lane merino antiche numerazioni in numeri arabi e per le incrociate in romani.\u00a0 Un sistema che per\u00f2 non era applicato in modo omogeneo in tutto il Paese. Una difformit\u00e0 che sussisteva anche in Germania e in Belgio dove erano presenti sistemi complessi ma non adottati pariteticamente sul territorio\u201d. Per cercare di far quadrare il cerchio intervennero gli americani.\u00a0Il Dipartimento dell\u2019Agricoltura di Washington, dopo molti studi e un accordo siglato con gli inglesi, introdusse un sistema basato su sette gradi relativi al diametro della fibra in modo che ogni campione tipo rappresentasse il diametro massimo corrispondente al rispettivo grado. Si comincio cos\u00ec a parlare di fine, blood, common, braid. La soluzione ebbe per\u00f2 vita breve rimanendo in vigore dall\u2019 I luglio 1826 fino al 30 giugno 1828. A tornare in auge fu allora la classificazione inglese o di Bradford.<\/p>\n<p>\u201cUn problema per\u00f2 continuava a sussistere perch\u00e9 le tabelle rilevate da case laniere e riviste di settore erano comunque discordanti fra loro, come confermato anche dal volumetto \u201cLes termes anglais employ\u00e9s dans l\u2019industrie lani\u00e8re\u201d pubblicato dalla rivista \u201cLe Nord Textile\u201d che comparava i termini di classificazione delle finezze delle lane usati negli Stati Uniti e in Inghilterra. Ne conseguiva che l\u2019acquisto di una partita di lana basato esclusivamente sulla descrizione fosse rischioso. Gli altri requisiti della lana erano indicati con termini meno numerosi, come conferma per esempio la caratteristica della lunghezza indicata da parole come catena, mezza catena, trama, catena\/trama per le lane da pettine e con lane di buona lunghezza, di lunghezza media e corta per le lane da carda. Anche l\u2019omogeneit\u00e0 e la regolarit\u00e0 del vello venivano indicate con espressioni generiche come lane senza difetti, lane con qualche difetto, lane difettose. Tutto questo prova che la finezza, dalle classificazioni pi\u00f9 numerose, era un requisito essenziale che influiva anche sul prezzo\u201d.<\/p>\n<p>Che la discussione fosse molto vivace \u00e8 evidente, tanto che in Italia i campioni-tipo vennero rimessi all\u2019Associazione Laniera perch\u00e9 spronasse gli industriali e i commercianti ad esprimersi in merito. \u201cIn questo panorama si staglia la figura di Daniele Schneider che\u00a0port\u00f2 con s\u00e8 dall\u2019Alsazia innovazioni tecniche importanti avendo lavorato in una grande casa costruttrice di macchinari per filatura e pettine nuovi per l\u2019Italia\u201d. Dopo un\u2019esperienza in Veneto come dirigente della Filatura Marzotto,\u00a0Schneider\u00a0giunse a Tollegno nel nucleo di filature di Maurizio Sella che contribu\u00ec a trasformare in un moderno opificio dotato di 10.000 fusi portati a 36.000 in poco tempo. Divenuto Consigliere Delegato della S.A. Filatura di Tollegno, vice-presidente della Pettinatura Lane di Vercelli, presidente della S.A. Industrie Tessili, commendatore dell\u2019Ordine della Corona d\u2019Italia e Presidente dell\u2019Istituto Commerciale Laniero, in risposta alla \u201cchiamata\u201d dell\u2019Associazione Laniera present\u00f2 la sua proposta.<\/p>\n<p>\u201cL\u2019archivio storico Tollegno 1900 conserva una chicca: un preziosissimo\u00a0album\u00a0dei campioni standard con le relative classificazioni, che risale proprio agli anni della questione difficile della classificazione dei filati. Nella sua prima pagina si legge: \u201c<em>Sono i titoli massimi in cui sono filabili le quantit\u00e0 impiegate per l\u2019allestimento dei tessuti e le relative tabelle Merino (AAA, AA, A\u2019, A, AS, AM, AB, ZS, ACS, B); e Crois\u00e9s (AC, AXS, AX, BXS, BX, CXS, CX, DX, EX). Segue in greggio e in colorato. I numeri stampati su ciascun tipo di tessuto indicano il titolo del filato, catena e trama in esso impiegato.<\/em>\u00a0Tutti filati a marchio Lana Gatto\u201d. Un documento di raro valore che entra di diritto a far parte della storia\u201d.<\/p>\n","protected":false},"excerpt":{"rendered":"<p>Quando nasce l\u2019esigenza di una catalogazione che distinguesse le lane? Quale la sua finalit\u00e0? Dagli Stati Uniti a Tollegno un percorso nel segno della\u2026finezza.<\/p>\n","protected":false},"author":3,"featured_media":5589,"comment_status":"closed","ping_status":"closed","sticky":false,"template":"","format":"standard","meta":{"_acf_changed":false,"footnotes":""},"categories":[7,10],"tags":[293,529,342,292],"orientamento_articolo":[13],"class_list":["post-5585","post","type-post","status-publish","format-standard","has-post-thumbnail","hentry","category-filati","category-stile-e-tendenze","tag-acta-progetti","tag-classificazione-filati","tag-lana-merino","tag-marinella-bianco","orientamento_articolo-orizzontale"],"acf":[],"yoast_head":"<!-- This site is optimized with the Yoast SEO plugin v27.2 - https:\/\/yoast.com\/product\/yoast-seo-wordpress\/ -->\n<title>Classificazione dei filati: un po\u2019 di storia - Tollegno 1900<\/title>\n<meta name=\"robots\" content=\"index, follow, max-snippet:-1, max-image-preview:large, max-video-preview:-1\" \/>\n<link rel=\"canonical\" href=\"https:\/\/www.tollegno1900.it\/it\/classificazione-dei-filati-un-po-di-storia\/\" \/>\n<meta property=\"og:locale\" content=\"it_IT\" \/>\n<meta property=\"og:type\" content=\"article\" \/>\n<meta property=\"og:title\" content=\"Classificazione dei filati: un po\u2019 di storia - Tollegno 1900\" \/>\n<meta property=\"og:description\" content=\"Quando nasce l\u2019esigenza di una catalogazione che distinguesse le lane? Quale la sua finalit\u00e0? Dagli Stati Uniti a Tollegno un percorso nel segno della\u2026finezza.\" \/>\n<meta property=\"og:url\" content=\"https:\/\/www.tollegno1900.it\/it\/classificazione-dei-filati-un-po-di-storia\/\" \/>\n<meta property=\"og:site_name\" content=\"Tollegno 1900\" \/>\n<meta property=\"article:published_time\" content=\"2022-03-26T07:43:52+00:00\" \/>\n<meta property=\"og:image\" content=\"https:\/\/www.tollegno1900.it\/wp-content\/uploads\/2022\/03\/1930_uomo-Tollegno.jpg\" \/>\n\t<meta property=\"og:image:width\" content=\"2000\" \/>\n\t<meta property=\"og:image:height\" content=\"1333\" \/>\n\t<meta property=\"og:image:type\" content=\"image\/jpeg\" \/>\n<meta name=\"author\" content=\"Raffaella Borea\" \/>\n<meta name=\"twitter:card\" content=\"summary_large_image\" \/>\n<meta name=\"twitter:label1\" content=\"Scritto da\" \/>\n\t<meta name=\"twitter:data1\" content=\"Raffaella Borea\" \/>\n\t<meta name=\"twitter:label2\" content=\"Tempo di lettura stimato\" \/>\n\t<meta name=\"twitter:data2\" content=\"4 minuti\" \/>\n<script type=\"application\/ld+json\" class=\"yoast-schema-graph\">{\"@context\":\"https:\/\/schema.org\",\"@graph\":[{\"@type\":\"Article\",\"@id\":\"https:\/\/www.tollegno1900.it\/it\/classificazione-dei-filati-un-po-di-storia\/#article\",\"isPartOf\":{\"@id\":\"https:\/\/www.tollegno1900.it\/it\/classificazione-dei-filati-un-po-di-storia\/\"},\"author\":{\"name\":\"Raffaella Borea\",\"@id\":\"https:\/\/www.tollegno1900.it\/it\/#\/schema\/person\/0754c61a56e7b94abd36238cda23d4da\"},\"headline\":\"Classificazione dei filati: un po\u2019 di storia\",\"datePublished\":\"2022-03-26T07:43:52+00:00\",\"mainEntityOfPage\":{\"@id\":\"https:\/\/www.tollegno1900.it\/it\/classificazione-dei-filati-un-po-di-storia\/\"},\"wordCount\":777,\"image\":{\"@id\":\"https:\/\/www.tollegno1900.it\/it\/classificazione-dei-filati-un-po-di-storia\/#primaryimage\"},\"thumbnailUrl\":\"https:\/\/www.tollegno1900.it\/wp-content\/uploads\/2022\/03\/1930_uomo-Tollegno.jpg\",\"keywords\":[\"Acta Progetti\",\"classificazione filati\",\"Lana Merino\",\"Marinella Bianco\"],\"articleSection\":[\"Filati\",\"Stile e Tendenze\"],\"inLanguage\":\"it-IT\"},{\"@type\":\"WebPage\",\"@id\":\"https:\/\/www.tollegno1900.it\/it\/classificazione-dei-filati-un-po-di-storia\/\",\"url\":\"https:\/\/www.tollegno1900.it\/it\/classificazione-dei-filati-un-po-di-storia\/\",\"name\":\"Classificazione dei filati: un po\u2019 di storia - Tollegno 1900\",\"isPartOf\":{\"@id\":\"https:\/\/www.tollegno1900.it\/it\/#website\"},\"primaryImageOfPage\":{\"@id\":\"https:\/\/www.tollegno1900.it\/it\/classificazione-dei-filati-un-po-di-storia\/#primaryimage\"},\"image\":{\"@id\":\"https:\/\/www.tollegno1900.it\/it\/classificazione-dei-filati-un-po-di-storia\/#primaryimage\"},\"thumbnailUrl\":\"https:\/\/www.tollegno1900.it\/wp-content\/uploads\/2022\/03\/1930_uomo-Tollegno.jpg\",\"datePublished\":\"2022-03-26T07:43:52+00:00\",\"author\":{\"@id\":\"https:\/\/www.tollegno1900.it\/it\/#\/schema\/person\/0754c61a56e7b94abd36238cda23d4da\"},\"breadcrumb\":{\"@id\":\"https:\/\/www.tollegno1900.it\/it\/classificazione-dei-filati-un-po-di-storia\/#breadcrumb\"},\"inLanguage\":\"it-IT\",\"potentialAction\":[{\"@type\":\"ReadAction\",\"target\":[\"https:\/\/www.tollegno1900.it\/it\/classificazione-dei-filati-un-po-di-storia\/\"]}]},{\"@type\":\"ImageObject\",\"inLanguage\":\"it-IT\",\"@id\":\"https:\/\/www.tollegno1900.it\/it\/classificazione-dei-filati-un-po-di-storia\/#primaryimage\",\"url\":\"https:\/\/www.tollegno1900.it\/wp-content\/uploads\/2022\/03\/1930_uomo-Tollegno.jpg\",\"contentUrl\":\"https:\/\/www.tollegno1900.it\/wp-content\/uploads\/2022\/03\/1930_uomo-Tollegno.jpg\",\"width\":2000,\"height\":1333},{\"@type\":\"BreadcrumbList\",\"@id\":\"https:\/\/www.tollegno1900.it\/it\/classificazione-dei-filati-un-po-di-storia\/#breadcrumb\",\"itemListElement\":[{\"@type\":\"ListItem\",\"position\":1,\"name\":\"Home\",\"item\":\"https:\/\/www.tollegno1900.it\/it\/\"},{\"@type\":\"ListItem\",\"position\":2,\"name\":\"Classificazione dei filati: un po\u2019 di storia\"}]},{\"@type\":\"WebSite\",\"@id\":\"https:\/\/www.tollegno1900.it\/it\/#website\",\"url\":\"https:\/\/www.tollegno1900.it\/it\/\",\"name\":\"Tollegno 1900\",\"description\":\"Tessitura e Filatura\",\"potentialAction\":[{\"@type\":\"SearchAction\",\"target\":{\"@type\":\"EntryPoint\",\"urlTemplate\":\"https:\/\/www.tollegno1900.it\/it\/?s={search_term_string}\"},\"query-input\":{\"@type\":\"PropertyValueSpecification\",\"valueRequired\":true,\"valueName\":\"search_term_string\"}}],\"inLanguage\":\"it-IT\"},{\"@type\":\"Person\",\"@id\":\"https:\/\/www.tollegno1900.it\/it\/#\/schema\/person\/0754c61a56e7b94abd36238cda23d4da\",\"name\":\"Raffaella Borea\",\"image\":{\"@type\":\"ImageObject\",\"inLanguage\":\"it-IT\",\"@id\":\"https:\/\/secure.gravatar.com\/avatar\/6b528fdab6e028709f1bbac099888f502f4435e4dca51bdb78eb29a13d9251cb?s=96&d=mm&r=g\",\"url\":\"https:\/\/secure.gravatar.com\/avatar\/6b528fdab6e028709f1bbac099888f502f4435e4dca51bdb78eb29a13d9251cb?s=96&d=mm&r=g\",\"contentUrl\":\"https:\/\/secure.gravatar.com\/avatar\/6b528fdab6e028709f1bbac099888f502f4435e4dca51bdb78eb29a13d9251cb?s=96&d=mm&r=g\",\"caption\":\"Raffaella Borea\"},\"url\":\"https:\/\/www.tollegno1900.it\/it\/author\/raffaella-1900\/\"}]}<\/script>\n<!-- \/ Yoast SEO plugin. -->","yoast_head_json":{"title":"Classificazione dei filati: un po\u2019 di storia - Tollegno 1900","robots":{"index":"index","follow":"follow","max-snippet":"max-snippet:-1","max-image-preview":"max-image-preview:large","max-video-preview":"max-video-preview:-1"},"canonical":"https:\/\/www.tollegno1900.it\/it\/classificazione-dei-filati-un-po-di-storia\/","og_locale":"it_IT","og_type":"article","og_title":"Classificazione dei filati: un po\u2019 di storia - Tollegno 1900","og_description":"Quando nasce l\u2019esigenza di una catalogazione che distinguesse le lane? Quale la sua finalit\u00e0? Dagli Stati Uniti a Tollegno un percorso nel segno della\u2026finezza.","og_url":"https:\/\/www.tollegno1900.it\/it\/classificazione-dei-filati-un-po-di-storia\/","og_site_name":"Tollegno 1900","article_published_time":"2022-03-26T07:43:52+00:00","og_image":[{"width":2000,"height":1333,"url":"https:\/\/www.tollegno1900.it\/wp-content\/uploads\/2022\/03\/1930_uomo-Tollegno.jpg","type":"image\/jpeg"}],"author":"Raffaella Borea","twitter_card":"summary_large_image","twitter_misc":{"Scritto da":"Raffaella Borea","Tempo di lettura stimato":"4 minuti"},"schema":{"@context":"https:\/\/schema.org","@graph":[{"@type":"Article","@id":"https:\/\/www.tollegno1900.it\/it\/classificazione-dei-filati-un-po-di-storia\/#article","isPartOf":{"@id":"https:\/\/www.tollegno1900.it\/it\/classificazione-dei-filati-un-po-di-storia\/"},"author":{"name":"Raffaella Borea","@id":"https:\/\/www.tollegno1900.it\/it\/#\/schema\/person\/0754c61a56e7b94abd36238cda23d4da"},"headline":"Classificazione dei filati: un po\u2019 di storia","datePublished":"2022-03-26T07:43:52+00:00","mainEntityOfPage":{"@id":"https:\/\/www.tollegno1900.it\/it\/classificazione-dei-filati-un-po-di-storia\/"},"wordCount":777,"image":{"@id":"https:\/\/www.tollegno1900.it\/it\/classificazione-dei-filati-un-po-di-storia\/#primaryimage"},"thumbnailUrl":"https:\/\/www.tollegno1900.it\/wp-content\/uploads\/2022\/03\/1930_uomo-Tollegno.jpg","keywords":["Acta Progetti","classificazione filati","Lana Merino","Marinella Bianco"],"articleSection":["Filati","Stile e Tendenze"],"inLanguage":"it-IT"},{"@type":"WebPage","@id":"https:\/\/www.tollegno1900.it\/it\/classificazione-dei-filati-un-po-di-storia\/","url":"https:\/\/www.tollegno1900.it\/it\/classificazione-dei-filati-un-po-di-storia\/","name":"Classificazione dei filati: un po\u2019 di storia - Tollegno 1900","isPartOf":{"@id":"https:\/\/www.tollegno1900.it\/it\/#website"},"primaryImageOfPage":{"@id":"https:\/\/www.tollegno1900.it\/it\/classificazione-dei-filati-un-po-di-storia\/#primaryimage"},"image":{"@id":"https:\/\/www.tollegno1900.it\/it\/classificazione-dei-filati-un-po-di-storia\/#primaryimage"},"thumbnailUrl":"https:\/\/www.tollegno1900.it\/wp-content\/uploads\/2022\/03\/1930_uomo-Tollegno.jpg","datePublished":"2022-03-26T07:43:52+00:00","author":{"@id":"https:\/\/www.tollegno1900.it\/it\/#\/schema\/person\/0754c61a56e7b94abd36238cda23d4da"},"breadcrumb":{"@id":"https:\/\/www.tollegno1900.it\/it\/classificazione-dei-filati-un-po-di-storia\/#breadcrumb"},"inLanguage":"it-IT","potentialAction":[{"@type":"ReadAction","target":["https:\/\/www.tollegno1900.it\/it\/classificazione-dei-filati-un-po-di-storia\/"]}]},{"@type":"ImageObject","inLanguage":"it-IT","@id":"https:\/\/www.tollegno1900.it\/it\/classificazione-dei-filati-un-po-di-storia\/#primaryimage","url":"https:\/\/www.tollegno1900.it\/wp-content\/uploads\/2022\/03\/1930_uomo-Tollegno.jpg","contentUrl":"https:\/\/www.tollegno1900.it\/wp-content\/uploads\/2022\/03\/1930_uomo-Tollegno.jpg","width":2000,"height":1333},{"@type":"BreadcrumbList","@id":"https:\/\/www.tollegno1900.it\/it\/classificazione-dei-filati-un-po-di-storia\/#breadcrumb","itemListElement":[{"@type":"ListItem","position":1,"name":"Home","item":"https:\/\/www.tollegno1900.it\/it\/"},{"@type":"ListItem","position":2,"name":"Classificazione dei filati: un po\u2019 di storia"}]},{"@type":"WebSite","@id":"https:\/\/www.tollegno1900.it\/it\/#website","url":"https:\/\/www.tollegno1900.it\/it\/","name":"Tollegno 1900","description":"Tessitura e Filatura","potentialAction":[{"@type":"SearchAction","target":{"@type":"EntryPoint","urlTemplate":"https:\/\/www.tollegno1900.it\/it\/?s={search_term_string}"},"query-input":{"@type":"PropertyValueSpecification","valueRequired":true,"valueName":"search_term_string"}}],"inLanguage":"it-IT"},{"@type":"Person","@id":"https:\/\/www.tollegno1900.it\/it\/#\/schema\/person\/0754c61a56e7b94abd36238cda23d4da","name":"Raffaella Borea","image":{"@type":"ImageObject","inLanguage":"it-IT","@id":"https:\/\/secure.gravatar.com\/avatar\/6b528fdab6e028709f1bbac099888f502f4435e4dca51bdb78eb29a13d9251cb?s=96&d=mm&r=g","url":"https:\/\/secure.gravatar.com\/avatar\/6b528fdab6e028709f1bbac099888f502f4435e4dca51bdb78eb29a13d9251cb?s=96&d=mm&r=g","contentUrl":"https:\/\/secure.gravatar.com\/avatar\/6b528fdab6e028709f1bbac099888f502f4435e4dca51bdb78eb29a13d9251cb?s=96&d=mm&r=g","caption":"Raffaella Borea"},"url":"https:\/\/www.tollegno1900.it\/it\/author\/raffaella-1900\/"}]}},"_links":{"self":[{"href":"https:\/\/www.tollegno1900.it\/it\/wp-json\/wp\/v2\/posts\/5585","targetHints":{"allow":["GET"]}}],"collection":[{"href":"https:\/\/www.tollegno1900.it\/it\/wp-json\/wp\/v2\/posts"}],"about":[{"href":"https:\/\/www.tollegno1900.it\/it\/wp-json\/wp\/v2\/types\/post"}],"author":[{"embeddable":true,"href":"https:\/\/www.tollegno1900.it\/it\/wp-json\/wp\/v2\/users\/3"}],"replies":[{"embeddable":true,"href":"https:\/\/www.tollegno1900.it\/it\/wp-json\/wp\/v2\/comments?post=5585"}],"version-history":[{"count":3,"href":"https:\/\/www.tollegno1900.it\/it\/wp-json\/wp\/v2\/posts\/5585\/revisions"}],"predecessor-version":[{"id":5592,"href":"https:\/\/www.tollegno1900.it\/it\/wp-json\/wp\/v2\/posts\/5585\/revisions\/5592"}],"wp:featuredmedia":[{"embeddable":true,"href":"https:\/\/www.tollegno1900.it\/it\/wp-json\/wp\/v2\/media\/5589"}],"wp:attachment":[{"href":"https:\/\/www.tollegno1900.it\/it\/wp-json\/wp\/v2\/media?parent=5585"}],"wp:term":[{"taxonomy":"category","embeddable":true,"href":"https:\/\/www.tollegno1900.it\/it\/wp-json\/wp\/v2\/categories?post=5585"},{"taxonomy":"post_tag","embeddable":true,"href":"https:\/\/www.tollegno1900.it\/it\/wp-json\/wp\/v2\/tags?post=5585"},{"taxonomy":"orientamento_articolo","embeddable":true,"href":"https:\/\/www.tollegno1900.it\/it\/wp-json\/wp\/v2\/orientamento_articolo?post=5585"}],"curies":[{"name":"wp","href":"https:\/\/api.w.org\/{rel}","templated":true}]}}