{"id":5866,"date":"2022-03-03T11:15:38","date_gmt":"2022-03-03T10:15:38","guid":{"rendered":"https:\/\/www.tollegno1900.it\/?p=5866"},"modified":"2022-08-16T18:45:57","modified_gmt":"2022-08-16T16:45:57","slug":"pandemia-pro-e-contro-per-la-filiera-tessile","status":"publish","type":"post","link":"https:\/\/www.tollegno1900.it\/it\/pandemia-pro-e-contro-per-la-filiera-tessile\/","title":{"rendered":"Pandemia: pro e contro per la filiera tessile"},"content":{"rendered":"<p><img fetchpriority=\"high\" decoding=\"async\" class=\"wp-image-5867 alignleft\" src=\"https:\/\/www.tollegno1900.it\/wp-content\/uploads\/2022\/02\/MATTEO-6.jpg\" alt=\"Matteo Grazzini convegno tessile\" width=\"310\" height=\"465\" srcset=\"https:\/\/www.tollegno1900.it\/wp-content\/uploads\/2022\/02\/MATTEO-6.jpg 1200w, https:\/\/www.tollegno1900.it\/wp-content\/uploads\/2022\/02\/MATTEO-6-200x300.jpg 200w, https:\/\/www.tollegno1900.it\/wp-content\/uploads\/2022\/02\/MATTEO-6-683x1024.jpg 683w, https:\/\/www.tollegno1900.it\/wp-content\/uploads\/2022\/02\/MATTEO-6-768x1152.jpg 768w, https:\/\/www.tollegno1900.it\/wp-content\/uploads\/2022\/02\/MATTEO-6-1024x1536.jpg 1024w\" sizes=\"(max-width: 310px) 100vw, 310px\" \/>All\u2019attivo ha un libro dedicato \u201calla passione di una vita\u201d (TH \u2013 La storia del Tottenham Hotspur (ed. Urbone), una famiglia che ama coinvolgere nelle attivit\u00e0 in cui pi\u00f9 si riconosce \u2013 \u201cviaggiare, fare sport, cucinare e mangiare pizza e dedicare momenti \u201carmonici\u201d alla musica sono le mie zone comfort che condivido con moglie e figli\u201d &#8211; e un lavoro che, da Prato, lo ha fatto volare nel mondo. Matteo Grazzini, giornalista de <strong>\u201cLa Spola \u2013 il settimanale del tessile e dell\u2019abbigliamento\u201d<\/strong>, della filiera tessile \u00e8 un addicted, tanto che trame ed orditi non hanno per lui pi\u00f9 segreti. Con la sua penna puntuale racconta le novit\u00e0 di un settore che, se nel primo anno della pandemia \u00e8 dovuto correre ai ripari talvolta ripensando anche le proprie produzioni, in fase di ripresa deve ora fare tesoro di quanto appreso per ripartire con nuova forza.<\/p>\n<p><strong>Dopo il 2020, annus horribilis, e l\u2019accelerazione fisiologica del 2021, come \u00e8 cambiato il mondo della filatura italiano post pandemia?<\/strong><br \/>\nE\u2019 cambiato sicuramente nei numeri, sia in positivo che in negativo. Gli aspetti positivi riguardano soprattutto il settore dell\u2019<a href=\"https:\/\/www.tollegno1900.it\/it\/lana-gatto-ai-2023-cosa-vedremo-a-pitti\/\">aguglieria<\/a> che, seppur di nicchia, ha saputo dare voce al desiderio di cimentarsi in lavori manuali tra le mura di casa durante i vari lockdown. Quelli negativi, invece, riguardano le inevitabili problematiche legate al Covid: limitazione dei contatti diretti con i clienti, contrazione del lavoro degli uffici di ricerca e pesante rallentamento per l\u2019economia, frenata a tutti i livelli. In soldoni: meno vendite e pi\u00f9 fatturati al ribasso. Il 2021 ha riportato quasi tutto in equilibrio, almeno per le aziende con magazzini ben forniti.<\/p>\n<p><strong>Nonostante il 2021 abbia fatto segnare una convinta ripresa, il 2022 ha presentato nuove difficolt\u00e0. Quali le maggiori criticit\u00e0 che le aziende italiane del comparto si sono trovate a dover affrontare?<\/strong><br \/>\nI rincari per energia elettrica e gas, ma anche la carenza di materie prime hanno fatto schizzare alle stelle i prezzi con ricadute inevitabili come, ad esempio, il ritocco dei listini, sia da parte dei fornitori e lavoratori conto terzi, sia verso il cliente. Un\u2019escalation non certo virtuosa che rischia di danneggiare tutti.<br \/>\nNon dimentichiamo inoltre che, a differenza delle aziende europee che possono contare su aiuti statali gi\u00e0 erogati, le imprese italiane si trovano invece a far fronte al caro-bollette in prima persona.<\/p>\n<p><strong>In termini propositivi, invece, che cosa ha insegnato loro di buono la pandemia?<br \/>\n<\/strong>Il blocco a cui siamo stati tutti costretti ci ha portato a comprendere chiaramente che, anche se il mondo si dovesse rifermare, oggi abbiamo tutti gli strumenti che ci permetterebbero di restare attivi sia sui mercati internazionali che in azienda. La tecnologia e la digitalizzazione hanno cambiato la percezione delle distanze e la pandemia ha accelerato un processo che era gi\u00e0 in atto da qualche anno.<\/p>\n<p><strong>Nonostante i meriti della digitalizzazione, c\u2019\u00e8 qualche settore che ha segnato maggiormente il passo?<\/strong><\/p>\n<p>A pagare lo scotto maggiore del distanziamento imposto \u00e8 stato proprio il settore dei filati, in cui il tocco del prodotto e la percezione reale del colore sono essenziali. Nonostante i plus offerti dalla digitalizzazione e dall\u2019etere, non ci sono connessione Internet o documenti digital che possano sostituire un campionario. La rete per\u00f2 ha avuto il merito di favorire il mantenimento dei contatti con i dipendenti durante i lockdown e di accorciare le distanze con i clienti soprattutto negli ultimi 2 anni.<\/p>\n<p><strong>Possiamo dire che \u201cle maglie si sono strette\u201d durante la pandemia?<br \/>\n<\/strong>Non solo: questo lungo e difficile periodo ha fatto emergere chiaramente che, parafrasando un film di qualche anno fa, \u201cnessuno si salva da solo\u201d e il \u201cfare squadra\u201d \u00e8 essenziale. La pandemia poteva far scatenare la caccia del pesce grande a quello pi\u00f9 piccolo, ma, invece, nessuno si \u00e8 fatto la guerra per accaparrarsi fette di mercato approfittando del virus. Il settore si \u00e8 dimostrato piuttosto coeso.<\/p>\n<p><strong>La necessit\u00e0 di contenere la proliferazione del virus \u00e8 stata tra le cause del costante annullamento o rimando di fiere ed esposizioni. Per far fronte a questo vuoto, le aziende hanno spostato le presentazioni delle loro collezioni su piattaforme on line. Ritiene che abbiano la stessa efficacia?<\/strong><br \/>\nL\u2019efficacia non pu\u00f2 essere la stessa proprio per l\u2019assenza del contatto, ma una presentazione, magari affidata ad un video emozionale o ad una serie di link interattivi, pu\u00f2 comunque essere scenografica e coinvolgente. Personalmente credo che internet possa essere una bellissima cornice ed una traccia su tela quasi completa, ma il quadro va terminato in fiera o, comunque, in presenza del cliente.<\/p>\n<p><strong>Quale dunque il futuro delle fiere alla luce dei tools che le aziende hanno imparato ad usare?<br \/>\n<\/strong>Sicuramente diverso da quello che hanno avuto fino all\u2019inizio degli anni 2000 o nella prima decade del nuovo millennio. Qualche scricchiolio aveva fatto capolino gi\u00e0 prima della pandemia, ma ora che i saloni potrebbero avere un via libera definitivo gi\u00e0 da giugno siamo tutti curiosi di vedere come reagiranno buyers e visitatori. Dovendo disegnare una prospettiva, immagino che le fiere proseguiranno in versione ibrida, con Internet che aiuter\u00e0 a preparare la visita agli stand, a selezionare in anticipo i prodotti pi\u00f9 interessanti ed a conoscere con ampio preavviso le novit\u00e0. Ma allo stand bisogner\u00e0 per\u00f2 andarci, magari ottimizzando i tempi e riducendo i giorni di viaggio.<br \/>\nRicordiamoci inoltre che non tutti hanno a disposizione gli strumenti atti a sostituire uno stand, e che nessuno pu\u00f2 permettersi di bucare un evento di primo piano, fosse solo per non dare adito a voci di corridoio e per non mandare i clienti in bocca alla concorrenza.<\/p>\n<p><strong>Pandemia&amp;comunicazione: \u00e8 cambiata la strategia delle aziende?<br \/>\n<\/strong>La comunicazione nel tessile \u00e8 ancora piuttosto acerba: nonostante le aziende stiano facendo passi in avanti lato social, ancora poche sono quelle che hanno un ufficio stampa o una comunicazione regolare nel corso dell\u2019anno. La condivisione delle informazioni tende cos\u00ec a concentrarsi solo nei periodi delle fiere. Paradossalmente per\u00f2, sono tornati gli investimenti in pubblicit\u00e0 anche da parte di chi, pre Covid, non si era dimostrato interessato a questo canale. Proprio durante questo biennio, con \u201cLa Spola\u201d abbiamo sviluppato contatti nuovi: si tratta di interlocutori che negli anni precedenti non avevano risposto positivamente alle nostre proposte commerciali o semplicemente con cui non avevamo stabilito una relazione. Sul nostro sito come sulla newsletter si trovano cos\u00ec nuovi banner, un buon segnale della salute della filiera.<\/p>\n","protected":false},"excerpt":{"rendered":"<p>Matteo Grazzini, giornalista de \u201cLa Spola\u201d, fa un bilancio dell\u2019ultimo biennio per le aziende del comparto, mettendo l\u2019accento su quanto di positivo \u00e8 stato imparato e abbozzando previsioni per il futuro<\/p>\n","protected":false},"author":3,"featured_media":5872,"comment_status":"closed","ping_status":"closed","sticky":false,"template":"","format":"standard","meta":{"_acf_changed":false,"footnotes":""},"categories":[7,12],"tags":[344,21,555,554,553],"orientamento_articolo":[13],"class_list":["post-5866","post","type-post","status-publish","format-standard","has-post-thumbnail","hentry","category-filati","category-t-talk","tag-aguglieria","tag-filati","tag-filiera-tessile","tag-la-spola","tag-matteo-grazzini","orientamento_articolo-orizzontale"],"acf":[],"yoast_head":"<!-- This site is optimized with the Yoast SEO plugin v27.2 - https:\/\/yoast.com\/product\/yoast-seo-wordpress\/ -->\n<title>Pandemia: pro e contro per la filiera tessile - Tollegno 1900<\/title>\n<meta name=\"robots\" content=\"index, follow, max-snippet:-1, max-image-preview:large, max-video-preview:-1\" \/>\n<link rel=\"canonical\" href=\"https:\/\/www.tollegno1900.it\/it\/pandemia-pro-e-contro-per-la-filiera-tessile\/\" \/>\n<meta property=\"og:locale\" content=\"it_IT\" \/>\n<meta property=\"og:type\" content=\"article\" \/>\n<meta property=\"og:title\" content=\"Pandemia: pro e contro per la filiera tessile - Tollegno 1900\" \/>\n<meta property=\"og:description\" content=\"Matteo Grazzini, giornalista de \u201cLa Spola\u201d, fa un bilancio dell\u2019ultimo biennio per le aziende del comparto, mettendo l\u2019accento su quanto di positivo \u00e8 stato imparato e abbozzando previsioni per il futuro\" \/>\n<meta property=\"og:url\" content=\"https:\/\/www.tollegno1900.it\/it\/pandemia-pro-e-contro-per-la-filiera-tessile\/\" \/>\n<meta property=\"og:site_name\" content=\"Tollegno 1900\" \/>\n<meta property=\"article:published_time\" content=\"2022-03-03T10:15:38+00:00\" \/>\n<meta property=\"article:modified_time\" content=\"2022-08-16T16:45:57+00:00\" \/>\n<meta property=\"og:image\" content=\"https:\/\/www.tollegno1900.it\/wp-content\/uploads\/2022\/02\/MATTEO-3.jpg\" \/>\n\t<meta property=\"og:image:width\" content=\"1992\" \/>\n\t<meta property=\"og:image:height\" content=\"1121\" \/>\n\t<meta property=\"og:image:type\" content=\"image\/jpeg\" \/>\n<meta name=\"author\" content=\"Raffaella Borea\" \/>\n<meta name=\"twitter:card\" content=\"summary_large_image\" \/>\n<meta name=\"twitter:label1\" content=\"Scritto da\" \/>\n\t<meta name=\"twitter:data1\" content=\"Raffaella Borea\" \/>\n\t<meta name=\"twitter:label2\" content=\"Tempo di lettura stimato\" \/>\n\t<meta name=\"twitter:data2\" content=\"5 minuti\" \/>\n<script type=\"application\/ld+json\" class=\"yoast-schema-graph\">{\"@context\":\"https:\/\/schema.org\",\"@graph\":[{\"@type\":\"Article\",\"@id\":\"https:\/\/www.tollegno1900.it\/it\/pandemia-pro-e-contro-per-la-filiera-tessile\/#article\",\"isPartOf\":{\"@id\":\"https:\/\/www.tollegno1900.it\/it\/pandemia-pro-e-contro-per-la-filiera-tessile\/\"},\"author\":{\"name\":\"Raffaella Borea\",\"@id\":\"https:\/\/www.tollegno1900.it\/it\/#\/schema\/person\/0754c61a56e7b94abd36238cda23d4da\"},\"headline\":\"Pandemia: pro e contro per la filiera tessile\",\"datePublished\":\"2022-03-03T10:15:38+00:00\",\"dateModified\":\"2022-08-16T16:45:57+00:00\",\"mainEntityOfPage\":{\"@id\":\"https:\/\/www.tollegno1900.it\/it\/pandemia-pro-e-contro-per-la-filiera-tessile\/\"},\"wordCount\":1045,\"image\":{\"@id\":\"https:\/\/www.tollegno1900.it\/it\/pandemia-pro-e-contro-per-la-filiera-tessile\/#primaryimage\"},\"thumbnailUrl\":\"https:\/\/www.tollegno1900.it\/wp-content\/uploads\/2022\/02\/MATTEO-3.jpg\",\"keywords\":[\"aguglieria\",\"filati\",\"filiera tessile\",\"La Spola\",\"matteo grazzini\"],\"articleSection\":[\"Filati\",\"T Talk\"],\"inLanguage\":\"it-IT\"},{\"@type\":\"WebPage\",\"@id\":\"https:\/\/www.tollegno1900.it\/it\/pandemia-pro-e-contro-per-la-filiera-tessile\/\",\"url\":\"https:\/\/www.tollegno1900.it\/it\/pandemia-pro-e-contro-per-la-filiera-tessile\/\",\"name\":\"Pandemia: pro e contro per la filiera tessile - Tollegno 1900\",\"isPartOf\":{\"@id\":\"https:\/\/www.tollegno1900.it\/it\/#website\"},\"primaryImageOfPage\":{\"@id\":\"https:\/\/www.tollegno1900.it\/it\/pandemia-pro-e-contro-per-la-filiera-tessile\/#primaryimage\"},\"image\":{\"@id\":\"https:\/\/www.tollegno1900.it\/it\/pandemia-pro-e-contro-per-la-filiera-tessile\/#primaryimage\"},\"thumbnailUrl\":\"https:\/\/www.tollegno1900.it\/wp-content\/uploads\/2022\/02\/MATTEO-3.jpg\",\"datePublished\":\"2022-03-03T10:15:38+00:00\",\"dateModified\":\"2022-08-16T16:45:57+00:00\",\"author\":{\"@id\":\"https:\/\/www.tollegno1900.it\/it\/#\/schema\/person\/0754c61a56e7b94abd36238cda23d4da\"},\"breadcrumb\":{\"@id\":\"https:\/\/www.tollegno1900.it\/it\/pandemia-pro-e-contro-per-la-filiera-tessile\/#breadcrumb\"},\"inLanguage\":\"it-IT\",\"potentialAction\":[{\"@type\":\"ReadAction\",\"target\":[\"https:\/\/www.tollegno1900.it\/it\/pandemia-pro-e-contro-per-la-filiera-tessile\/\"]}]},{\"@type\":\"ImageObject\",\"inLanguage\":\"it-IT\",\"@id\":\"https:\/\/www.tollegno1900.it\/it\/pandemia-pro-e-contro-per-la-filiera-tessile\/#primaryimage\",\"url\":\"https:\/\/www.tollegno1900.it\/wp-content\/uploads\/2022\/02\/MATTEO-3.jpg\",\"contentUrl\":\"https:\/\/www.tollegno1900.it\/wp-content\/uploads\/2022\/02\/MATTEO-3.jpg\",\"width\":1992,\"height\":1121,\"caption\":\"Matteo Grazzini Fiera Cine del tessile\"},{\"@type\":\"BreadcrumbList\",\"@id\":\"https:\/\/www.tollegno1900.it\/it\/pandemia-pro-e-contro-per-la-filiera-tessile\/#breadcrumb\",\"itemListElement\":[{\"@type\":\"ListItem\",\"position\":1,\"name\":\"Home\",\"item\":\"https:\/\/www.tollegno1900.it\/it\/\"},{\"@type\":\"ListItem\",\"position\":2,\"name\":\"Pandemia: pro e contro per la filiera tessile\"}]},{\"@type\":\"WebSite\",\"@id\":\"https:\/\/www.tollegno1900.it\/it\/#website\",\"url\":\"https:\/\/www.tollegno1900.it\/it\/\",\"name\":\"Tollegno 1900\",\"description\":\"Tessitura e Filatura\",\"potentialAction\":[{\"@type\":\"SearchAction\",\"target\":{\"@type\":\"EntryPoint\",\"urlTemplate\":\"https:\/\/www.tollegno1900.it\/it\/?s={search_term_string}\"},\"query-input\":{\"@type\":\"PropertyValueSpecification\",\"valueRequired\":true,\"valueName\":\"search_term_string\"}}],\"inLanguage\":\"it-IT\"},{\"@type\":\"Person\",\"@id\":\"https:\/\/www.tollegno1900.it\/it\/#\/schema\/person\/0754c61a56e7b94abd36238cda23d4da\",\"name\":\"Raffaella Borea\",\"image\":{\"@type\":\"ImageObject\",\"inLanguage\":\"it-IT\",\"@id\":\"https:\/\/secure.gravatar.com\/avatar\/6b528fdab6e028709f1bbac099888f502f4435e4dca51bdb78eb29a13d9251cb?s=96&d=mm&r=g\",\"url\":\"https:\/\/secure.gravatar.com\/avatar\/6b528fdab6e028709f1bbac099888f502f4435e4dca51bdb78eb29a13d9251cb?s=96&d=mm&r=g\",\"contentUrl\":\"https:\/\/secure.gravatar.com\/avatar\/6b528fdab6e028709f1bbac099888f502f4435e4dca51bdb78eb29a13d9251cb?s=96&d=mm&r=g\",\"caption\":\"Raffaella Borea\"},\"url\":\"https:\/\/www.tollegno1900.it\/it\/author\/raffaella-1900\/\"}]}<\/script>\n<!-- \/ Yoast SEO plugin. -->","yoast_head_json":{"title":"Pandemia: pro e contro per la filiera tessile - Tollegno 1900","robots":{"index":"index","follow":"follow","max-snippet":"max-snippet:-1","max-image-preview":"max-image-preview:large","max-video-preview":"max-video-preview:-1"},"canonical":"https:\/\/www.tollegno1900.it\/it\/pandemia-pro-e-contro-per-la-filiera-tessile\/","og_locale":"it_IT","og_type":"article","og_title":"Pandemia: pro e contro per la filiera tessile - Tollegno 1900","og_description":"Matteo Grazzini, giornalista de \u201cLa Spola\u201d, fa un bilancio dell\u2019ultimo biennio per le aziende del comparto, mettendo l\u2019accento su quanto di positivo \u00e8 stato imparato e abbozzando previsioni per il futuro","og_url":"https:\/\/www.tollegno1900.it\/it\/pandemia-pro-e-contro-per-la-filiera-tessile\/","og_site_name":"Tollegno 1900","article_published_time":"2022-03-03T10:15:38+00:00","article_modified_time":"2022-08-16T16:45:57+00:00","og_image":[{"width":1992,"height":1121,"url":"https:\/\/www.tollegno1900.it\/wp-content\/uploads\/2022\/02\/MATTEO-3.jpg","type":"image\/jpeg"}],"author":"Raffaella Borea","twitter_card":"summary_large_image","twitter_misc":{"Scritto da":"Raffaella Borea","Tempo di lettura stimato":"5 minuti"},"schema":{"@context":"https:\/\/schema.org","@graph":[{"@type":"Article","@id":"https:\/\/www.tollegno1900.it\/it\/pandemia-pro-e-contro-per-la-filiera-tessile\/#article","isPartOf":{"@id":"https:\/\/www.tollegno1900.it\/it\/pandemia-pro-e-contro-per-la-filiera-tessile\/"},"author":{"name":"Raffaella Borea","@id":"https:\/\/www.tollegno1900.it\/it\/#\/schema\/person\/0754c61a56e7b94abd36238cda23d4da"},"headline":"Pandemia: pro e contro per la filiera tessile","datePublished":"2022-03-03T10:15:38+00:00","dateModified":"2022-08-16T16:45:57+00:00","mainEntityOfPage":{"@id":"https:\/\/www.tollegno1900.it\/it\/pandemia-pro-e-contro-per-la-filiera-tessile\/"},"wordCount":1045,"image":{"@id":"https:\/\/www.tollegno1900.it\/it\/pandemia-pro-e-contro-per-la-filiera-tessile\/#primaryimage"},"thumbnailUrl":"https:\/\/www.tollegno1900.it\/wp-content\/uploads\/2022\/02\/MATTEO-3.jpg","keywords":["aguglieria","filati","filiera tessile","La Spola","matteo grazzini"],"articleSection":["Filati","T Talk"],"inLanguage":"it-IT"},{"@type":"WebPage","@id":"https:\/\/www.tollegno1900.it\/it\/pandemia-pro-e-contro-per-la-filiera-tessile\/","url":"https:\/\/www.tollegno1900.it\/it\/pandemia-pro-e-contro-per-la-filiera-tessile\/","name":"Pandemia: pro e contro per la filiera tessile - Tollegno 1900","isPartOf":{"@id":"https:\/\/www.tollegno1900.it\/it\/#website"},"primaryImageOfPage":{"@id":"https:\/\/www.tollegno1900.it\/it\/pandemia-pro-e-contro-per-la-filiera-tessile\/#primaryimage"},"image":{"@id":"https:\/\/www.tollegno1900.it\/it\/pandemia-pro-e-contro-per-la-filiera-tessile\/#primaryimage"},"thumbnailUrl":"https:\/\/www.tollegno1900.it\/wp-content\/uploads\/2022\/02\/MATTEO-3.jpg","datePublished":"2022-03-03T10:15:38+00:00","dateModified":"2022-08-16T16:45:57+00:00","author":{"@id":"https:\/\/www.tollegno1900.it\/it\/#\/schema\/person\/0754c61a56e7b94abd36238cda23d4da"},"breadcrumb":{"@id":"https:\/\/www.tollegno1900.it\/it\/pandemia-pro-e-contro-per-la-filiera-tessile\/#breadcrumb"},"inLanguage":"it-IT","potentialAction":[{"@type":"ReadAction","target":["https:\/\/www.tollegno1900.it\/it\/pandemia-pro-e-contro-per-la-filiera-tessile\/"]}]},{"@type":"ImageObject","inLanguage":"it-IT","@id":"https:\/\/www.tollegno1900.it\/it\/pandemia-pro-e-contro-per-la-filiera-tessile\/#primaryimage","url":"https:\/\/www.tollegno1900.it\/wp-content\/uploads\/2022\/02\/MATTEO-3.jpg","contentUrl":"https:\/\/www.tollegno1900.it\/wp-content\/uploads\/2022\/02\/MATTEO-3.jpg","width":1992,"height":1121,"caption":"Matteo Grazzini Fiera Cine del tessile"},{"@type":"BreadcrumbList","@id":"https:\/\/www.tollegno1900.it\/it\/pandemia-pro-e-contro-per-la-filiera-tessile\/#breadcrumb","itemListElement":[{"@type":"ListItem","position":1,"name":"Home","item":"https:\/\/www.tollegno1900.it\/it\/"},{"@type":"ListItem","position":2,"name":"Pandemia: pro e contro per la filiera tessile"}]},{"@type":"WebSite","@id":"https:\/\/www.tollegno1900.it\/it\/#website","url":"https:\/\/www.tollegno1900.it\/it\/","name":"Tollegno 1900","description":"Tessitura e Filatura","potentialAction":[{"@type":"SearchAction","target":{"@type":"EntryPoint","urlTemplate":"https:\/\/www.tollegno1900.it\/it\/?s={search_term_string}"},"query-input":{"@type":"PropertyValueSpecification","valueRequired":true,"valueName":"search_term_string"}}],"inLanguage":"it-IT"},{"@type":"Person","@id":"https:\/\/www.tollegno1900.it\/it\/#\/schema\/person\/0754c61a56e7b94abd36238cda23d4da","name":"Raffaella Borea","image":{"@type":"ImageObject","inLanguage":"it-IT","@id":"https:\/\/secure.gravatar.com\/avatar\/6b528fdab6e028709f1bbac099888f502f4435e4dca51bdb78eb29a13d9251cb?s=96&d=mm&r=g","url":"https:\/\/secure.gravatar.com\/avatar\/6b528fdab6e028709f1bbac099888f502f4435e4dca51bdb78eb29a13d9251cb?s=96&d=mm&r=g","contentUrl":"https:\/\/secure.gravatar.com\/avatar\/6b528fdab6e028709f1bbac099888f502f4435e4dca51bdb78eb29a13d9251cb?s=96&d=mm&r=g","caption":"Raffaella Borea"},"url":"https:\/\/www.tollegno1900.it\/it\/author\/raffaella-1900\/"}]}},"_links":{"self":[{"href":"https:\/\/www.tollegno1900.it\/it\/wp-json\/wp\/v2\/posts\/5866","targetHints":{"allow":["GET"]}}],"collection":[{"href":"https:\/\/www.tollegno1900.it\/it\/wp-json\/wp\/v2\/posts"}],"about":[{"href":"https:\/\/www.tollegno1900.it\/it\/wp-json\/wp\/v2\/types\/post"}],"author":[{"embeddable":true,"href":"https:\/\/www.tollegno1900.it\/it\/wp-json\/wp\/v2\/users\/3"}],"replies":[{"embeddable":true,"href":"https:\/\/www.tollegno1900.it\/it\/wp-json\/wp\/v2\/comments?post=5866"}],"version-history":[{"count":4,"href":"https:\/\/www.tollegno1900.it\/it\/wp-json\/wp\/v2\/posts\/5866\/revisions"}],"predecessor-version":[{"id":5888,"href":"https:\/\/www.tollegno1900.it\/it\/wp-json\/wp\/v2\/posts\/5866\/revisions\/5888"}],"wp:featuredmedia":[{"embeddable":true,"href":"https:\/\/www.tollegno1900.it\/it\/wp-json\/wp\/v2\/media\/5872"}],"wp:attachment":[{"href":"https:\/\/www.tollegno1900.it\/it\/wp-json\/wp\/v2\/media?parent=5866"}],"wp:term":[{"taxonomy":"category","embeddable":true,"href":"https:\/\/www.tollegno1900.it\/it\/wp-json\/wp\/v2\/categories?post=5866"},{"taxonomy":"post_tag","embeddable":true,"href":"https:\/\/www.tollegno1900.it\/it\/wp-json\/wp\/v2\/tags?post=5866"},{"taxonomy":"orientamento_articolo","embeddable":true,"href":"https:\/\/www.tollegno1900.it\/it\/wp-json\/wp\/v2\/orientamento_articolo?post=5866"}],"curies":[{"name":"wp","href":"https:\/\/api.w.org\/{rel}","templated":true}]}}