{"id":7410,"date":"2023-05-08T07:54:47","date_gmt":"2023-05-08T05:54:47","guid":{"rendered":"https:\/\/www.tollegno1900.it\/?p=7410"},"modified":"2023-05-08T07:54:16","modified_gmt":"2023-05-08T05:54:16","slug":"i-lanieri-premiano-i-talenti-del-tam","status":"publish","type":"post","link":"https:\/\/www.tollegno1900.it\/it\/i-lanieri-premiano-i-talenti-del-tam\/","title":{"rendered":"I Lanieri premiano i talenti del TAM"},"content":{"rendered":"<p>Spazio al talento con l\u2019iniziativa che vede fianco a fianco l&#8217;Associazione Nazionale del Commercio Laniero (i cui soci offrono all\u2019industria tessile una quota importante delle materie prime provenienti da tutto il mondo) e il TAM. Dalla partnership tra le due realt\u00e0 ha infatti preso forma una iniziativa tesa ad offrire opportunit\u00e0 formative d\u2019eccellenza agli studenti. Nello specifico una borsa di studio consentir\u00e0 a un alunno meritevole dell\u2019istituto di svolgere uno stage in Europa, in una delle numerose e rilevanti imprese che collaborano con l\u2019associazione.<\/p>\n<p>Un\u2019opportunit\u00e0 di valore come hanno spiegato sia Claudio Lacchio, presidente dell\u2019Associazione &#8211; \u201cAbbiamo cent\u2019anni di esperienza. Con l\u2019apertura all\u2019industria stiamo assumendo una dimensione pi\u00f9 sinergica e i contatti con realt\u00e0 europee e internazionali ci stanno aprendo scenari pi\u00f9 ampi. Per questo vogliamo dare sempre pi\u00f9 rilevanza a progetti rivolti ai giovani. L\u2019istituzione della borsa di studio \u00e8 stata accolta con grande favore in associazione\u201d \u2013 sia Silvia Moglia. La Direttrice del TAM sottolinea : \u201cSiamo entusiasti di questa nuova iniziativa. Il TAM sta crescendo e il riscontro che trova nell\u2019Associazione Nazionale del Commercio Laniero \u00e8 per noi motivo di gratitudine e orgoglio. Le materie prime sono tema di studio nel nostro biennio e uno stage di portata europea sar\u00e0 un ulteriore stimolo per il percorso dei ragazzi\u201d.<\/p>\n<p>&nbsp;<\/p>\n","protected":false},"excerpt":{"rendered":"<p>L\u2019Associazione Nazionale del Commercio Laniero punta su un alunno meritevole dell\u2019Istituto con una borsa di studio che gli permetter\u00e0 di svolgere uno stage in una delle aziende europee che collaborano con l\u2019associazione<\/p>\n","protected":false},"author":3,"featured_media":7411,"comment_status":"closed","ping_status":"closed","sticky":false,"template":"","format":"standard","meta":{"_acf_changed":false,"footnotes":""},"categories":[7,150],"tags":[780,779,297],"orientamento_articolo":[13],"class_list":["post-7410","post","type-post","status-publish","format-standard","has-post-thumbnail","hentry","category-filati","category-t-network","tag-borse-studio","tag-studenti","tag-tam","orientamento_articolo-orizzontale"],"acf":[],"yoast_head":"<!-- This site is optimized with the Yoast SEO plugin v27.2 - https:\/\/yoast.com\/product\/yoast-seo-wordpress\/ -->\n<title>I Lanieri premiano i talenti del TAM - Tollegno 1900<\/title>\n<meta name=\"robots\" content=\"index, follow, max-snippet:-1, max-image-preview:large, max-video-preview:-1\" \/>\n<link rel=\"canonical\" href=\"https:\/\/www.tollegno1900.it\/it\/i-lanieri-premiano-i-talenti-del-tam\/\" \/>\n<meta property=\"og:locale\" content=\"it_IT\" \/>\n<meta property=\"og:type\" content=\"article\" \/>\n<meta property=\"og:title\" content=\"I Lanieri premiano i talenti del TAM - Tollegno 1900\" \/>\n<meta property=\"og:description\" content=\"L\u2019Associazione Nazionale del Commercio Laniero punta su un alunno meritevole dell\u2019Istituto con una borsa di studio che gli permetter\u00e0 di svolgere uno stage in una delle aziende europee che collaborano con l\u2019associazione\" \/>\n<meta property=\"og:url\" content=\"https:\/\/www.tollegno1900.it\/it\/i-lanieri-premiano-i-talenti-del-tam\/\" \/>\n<meta property=\"og:site_name\" content=\"Tollegno 1900\" \/>\n<meta property=\"article:published_time\" content=\"2023-05-08T05:54:47+00:00\" \/>\n<meta property=\"og:image\" content=\"https:\/\/www.tollegno1900.it\/wp-content\/uploads\/2023\/03\/LANIERI.jpg\" \/>\n\t<meta property=\"og:image:width\" content=\"1200\" \/>\n\t<meta property=\"og:image:height\" content=\"630\" \/>\n\t<meta property=\"og:image:type\" content=\"image\/jpeg\" \/>\n<meta name=\"author\" content=\"Raffaella Borea\" \/>\n<meta name=\"twitter:card\" content=\"summary_large_image\" \/>\n<meta name=\"twitter:label1\" content=\"Scritto da\" \/>\n\t<meta name=\"twitter:data1\" content=\"Raffaella Borea\" \/>\n\t<meta name=\"twitter:label2\" content=\"Tempo di lettura stimato\" \/>\n\t<meta name=\"twitter:data2\" content=\"1 minuto\" \/>\n<script type=\"application\/ld+json\" class=\"yoast-schema-graph\">{\"@context\":\"https:\/\/schema.org\",\"@graph\":[{\"@type\":\"Article\",\"@id\":\"https:\/\/www.tollegno1900.it\/it\/i-lanieri-premiano-i-talenti-del-tam\/#article\",\"isPartOf\":{\"@id\":\"https:\/\/www.tollegno1900.it\/it\/i-lanieri-premiano-i-talenti-del-tam\/\"},\"author\":{\"name\":\"Raffaella Borea\",\"@id\":\"https:\/\/www.tollegno1900.it\/it\/#\/schema\/person\/0754c61a56e7b94abd36238cda23d4da\"},\"headline\":\"I Lanieri premiano i talenti del TAM\",\"datePublished\":\"2023-05-08T05:54:47+00:00\",\"mainEntityOfPage\":{\"@id\":\"https:\/\/www.tollegno1900.it\/it\/i-lanieri-premiano-i-talenti-del-tam\/\"},\"wordCount\":228,\"image\":{\"@id\":\"https:\/\/www.tollegno1900.it\/it\/i-lanieri-premiano-i-talenti-del-tam\/#primaryimage\"},\"thumbnailUrl\":\"https:\/\/www.tollegno1900.it\/wp-content\/uploads\/2023\/03\/LANIERI.jpg\",\"keywords\":[\"borse studio\",\"studenti\",\"TAM\"],\"articleSection\":[\"Filati\",\"T Network\"],\"inLanguage\":\"it-IT\"},{\"@type\":\"WebPage\",\"@id\":\"https:\/\/www.tollegno1900.it\/it\/i-lanieri-premiano-i-talenti-del-tam\/\",\"url\":\"https:\/\/www.tollegno1900.it\/it\/i-lanieri-premiano-i-talenti-del-tam\/\",\"name\":\"I Lanieri premiano i talenti del TAM - Tollegno 1900\",\"isPartOf\":{\"@id\":\"https:\/\/www.tollegno1900.it\/it\/#website\"},\"primaryImageOfPage\":{\"@id\":\"https:\/\/www.tollegno1900.it\/it\/i-lanieri-premiano-i-talenti-del-tam\/#primaryimage\"},\"image\":{\"@id\":\"https:\/\/www.tollegno1900.it\/it\/i-lanieri-premiano-i-talenti-del-tam\/#primaryimage\"},\"thumbnailUrl\":\"https:\/\/www.tollegno1900.it\/wp-content\/uploads\/2023\/03\/LANIERI.jpg\",\"datePublished\":\"2023-05-08T05:54:47+00:00\",\"author\":{\"@id\":\"https:\/\/www.tollegno1900.it\/it\/#\/schema\/person\/0754c61a56e7b94abd36238cda23d4da\"},\"breadcrumb\":{\"@id\":\"https:\/\/www.tollegno1900.it\/it\/i-lanieri-premiano-i-talenti-del-tam\/#breadcrumb\"},\"inLanguage\":\"it-IT\",\"potentialAction\":[{\"@type\":\"ReadAction\",\"target\":[\"https:\/\/www.tollegno1900.it\/it\/i-lanieri-premiano-i-talenti-del-tam\/\"]}]},{\"@type\":\"ImageObject\",\"inLanguage\":\"it-IT\",\"@id\":\"https:\/\/www.tollegno1900.it\/it\/i-lanieri-premiano-i-talenti-del-tam\/#primaryimage\",\"url\":\"https:\/\/www.tollegno1900.it\/wp-content\/uploads\/2023\/03\/LANIERI.jpg\",\"contentUrl\":\"https:\/\/www.tollegno1900.it\/wp-content\/uploads\/2023\/03\/LANIERI.jpg\",\"width\":1200,\"height\":630},{\"@type\":\"BreadcrumbList\",\"@id\":\"https:\/\/www.tollegno1900.it\/it\/i-lanieri-premiano-i-talenti-del-tam\/#breadcrumb\",\"itemListElement\":[{\"@type\":\"ListItem\",\"position\":1,\"name\":\"Home\",\"item\":\"https:\/\/www.tollegno1900.it\/it\/\"},{\"@type\":\"ListItem\",\"position\":2,\"name\":\"I Lanieri premiano i talenti del TAM\"}]},{\"@type\":\"WebSite\",\"@id\":\"https:\/\/www.tollegno1900.it\/it\/#website\",\"url\":\"https:\/\/www.tollegno1900.it\/it\/\",\"name\":\"Tollegno 1900\",\"description\":\"Tessitura e Filatura\",\"potentialAction\":[{\"@type\":\"SearchAction\",\"target\":{\"@type\":\"EntryPoint\",\"urlTemplate\":\"https:\/\/www.tollegno1900.it\/it\/?s={search_term_string}\"},\"query-input\":{\"@type\":\"PropertyValueSpecification\",\"valueRequired\":true,\"valueName\":\"search_term_string\"}}],\"inLanguage\":\"it-IT\"},{\"@type\":\"Person\",\"@id\":\"https:\/\/www.tollegno1900.it\/it\/#\/schema\/person\/0754c61a56e7b94abd36238cda23d4da\",\"name\":\"Raffaella Borea\",\"image\":{\"@type\":\"ImageObject\",\"inLanguage\":\"it-IT\",\"@id\":\"https:\/\/secure.gravatar.com\/avatar\/6b528fdab6e028709f1bbac099888f502f4435e4dca51bdb78eb29a13d9251cb?s=96&d=mm&r=g\",\"url\":\"https:\/\/secure.gravatar.com\/avatar\/6b528fdab6e028709f1bbac099888f502f4435e4dca51bdb78eb29a13d9251cb?s=96&d=mm&r=g\",\"contentUrl\":\"https:\/\/secure.gravatar.com\/avatar\/6b528fdab6e028709f1bbac099888f502f4435e4dca51bdb78eb29a13d9251cb?s=96&d=mm&r=g\",\"caption\":\"Raffaella Borea\"},\"url\":\"https:\/\/www.tollegno1900.it\/it\/author\/raffaella-1900\/\"}]}<\/script>\n<!-- \/ Yoast SEO plugin. -->","yoast_head_json":{"title":"I Lanieri premiano i talenti del TAM - Tollegno 1900","robots":{"index":"index","follow":"follow","max-snippet":"max-snippet:-1","max-image-preview":"max-image-preview:large","max-video-preview":"max-video-preview:-1"},"canonical":"https:\/\/www.tollegno1900.it\/it\/i-lanieri-premiano-i-talenti-del-tam\/","og_locale":"it_IT","og_type":"article","og_title":"I Lanieri premiano i talenti del TAM - Tollegno 1900","og_description":"L\u2019Associazione Nazionale del Commercio Laniero punta su un alunno meritevole dell\u2019Istituto con una borsa di studio che gli permetter\u00e0 di svolgere uno stage in una delle aziende europee che collaborano con l\u2019associazione","og_url":"https:\/\/www.tollegno1900.it\/it\/i-lanieri-premiano-i-talenti-del-tam\/","og_site_name":"Tollegno 1900","article_published_time":"2023-05-08T05:54:47+00:00","og_image":[{"width":1200,"height":630,"url":"https:\/\/www.tollegno1900.it\/wp-content\/uploads\/2023\/03\/LANIERI.jpg","type":"image\/jpeg"}],"author":"Raffaella Borea","twitter_card":"summary_large_image","twitter_misc":{"Scritto da":"Raffaella Borea","Tempo di lettura stimato":"1 minuto"},"schema":{"@context":"https:\/\/schema.org","@graph":[{"@type":"Article","@id":"https:\/\/www.tollegno1900.it\/it\/i-lanieri-premiano-i-talenti-del-tam\/#article","isPartOf":{"@id":"https:\/\/www.tollegno1900.it\/it\/i-lanieri-premiano-i-talenti-del-tam\/"},"author":{"name":"Raffaella Borea","@id":"https:\/\/www.tollegno1900.it\/it\/#\/schema\/person\/0754c61a56e7b94abd36238cda23d4da"},"headline":"I Lanieri premiano i talenti del TAM","datePublished":"2023-05-08T05:54:47+00:00","mainEntityOfPage":{"@id":"https:\/\/www.tollegno1900.it\/it\/i-lanieri-premiano-i-talenti-del-tam\/"},"wordCount":228,"image":{"@id":"https:\/\/www.tollegno1900.it\/it\/i-lanieri-premiano-i-talenti-del-tam\/#primaryimage"},"thumbnailUrl":"https:\/\/www.tollegno1900.it\/wp-content\/uploads\/2023\/03\/LANIERI.jpg","keywords":["borse studio","studenti","TAM"],"articleSection":["Filati","T Network"],"inLanguage":"it-IT"},{"@type":"WebPage","@id":"https:\/\/www.tollegno1900.it\/it\/i-lanieri-premiano-i-talenti-del-tam\/","url":"https:\/\/www.tollegno1900.it\/it\/i-lanieri-premiano-i-talenti-del-tam\/","name":"I Lanieri premiano i talenti del TAM - Tollegno 1900","isPartOf":{"@id":"https:\/\/www.tollegno1900.it\/it\/#website"},"primaryImageOfPage":{"@id":"https:\/\/www.tollegno1900.it\/it\/i-lanieri-premiano-i-talenti-del-tam\/#primaryimage"},"image":{"@id":"https:\/\/www.tollegno1900.it\/it\/i-lanieri-premiano-i-talenti-del-tam\/#primaryimage"},"thumbnailUrl":"https:\/\/www.tollegno1900.it\/wp-content\/uploads\/2023\/03\/LANIERI.jpg","datePublished":"2023-05-08T05:54:47+00:00","author":{"@id":"https:\/\/www.tollegno1900.it\/it\/#\/schema\/person\/0754c61a56e7b94abd36238cda23d4da"},"breadcrumb":{"@id":"https:\/\/www.tollegno1900.it\/it\/i-lanieri-premiano-i-talenti-del-tam\/#breadcrumb"},"inLanguage":"it-IT","potentialAction":[{"@type":"ReadAction","target":["https:\/\/www.tollegno1900.it\/it\/i-lanieri-premiano-i-talenti-del-tam\/"]}]},{"@type":"ImageObject","inLanguage":"it-IT","@id":"https:\/\/www.tollegno1900.it\/it\/i-lanieri-premiano-i-talenti-del-tam\/#primaryimage","url":"https:\/\/www.tollegno1900.it\/wp-content\/uploads\/2023\/03\/LANIERI.jpg","contentUrl":"https:\/\/www.tollegno1900.it\/wp-content\/uploads\/2023\/03\/LANIERI.jpg","width":1200,"height":630},{"@type":"BreadcrumbList","@id":"https:\/\/www.tollegno1900.it\/it\/i-lanieri-premiano-i-talenti-del-tam\/#breadcrumb","itemListElement":[{"@type":"ListItem","position":1,"name":"Home","item":"https:\/\/www.tollegno1900.it\/it\/"},{"@type":"ListItem","position":2,"name":"I Lanieri premiano i talenti del TAM"}]},{"@type":"WebSite","@id":"https:\/\/www.tollegno1900.it\/it\/#website","url":"https:\/\/www.tollegno1900.it\/it\/","name":"Tollegno 1900","description":"Tessitura e Filatura","potentialAction":[{"@type":"SearchAction","target":{"@type":"EntryPoint","urlTemplate":"https:\/\/www.tollegno1900.it\/it\/?s={search_term_string}"},"query-input":{"@type":"PropertyValueSpecification","valueRequired":true,"valueName":"search_term_string"}}],"inLanguage":"it-IT"},{"@type":"Person","@id":"https:\/\/www.tollegno1900.it\/it\/#\/schema\/person\/0754c61a56e7b94abd36238cda23d4da","name":"Raffaella Borea","image":{"@type":"ImageObject","inLanguage":"it-IT","@id":"https:\/\/secure.gravatar.com\/avatar\/6b528fdab6e028709f1bbac099888f502f4435e4dca51bdb78eb29a13d9251cb?s=96&d=mm&r=g","url":"https:\/\/secure.gravatar.com\/avatar\/6b528fdab6e028709f1bbac099888f502f4435e4dca51bdb78eb29a13d9251cb?s=96&d=mm&r=g","contentUrl":"https:\/\/secure.gravatar.com\/avatar\/6b528fdab6e028709f1bbac099888f502f4435e4dca51bdb78eb29a13d9251cb?s=96&d=mm&r=g","caption":"Raffaella Borea"},"url":"https:\/\/www.tollegno1900.it\/it\/author\/raffaella-1900\/"}]}},"_links":{"self":[{"href":"https:\/\/www.tollegno1900.it\/it\/wp-json\/wp\/v2\/posts\/7410","targetHints":{"allow":["GET"]}}],"collection":[{"href":"https:\/\/www.tollegno1900.it\/it\/wp-json\/wp\/v2\/posts"}],"about":[{"href":"https:\/\/www.tollegno1900.it\/it\/wp-json\/wp\/v2\/types\/post"}],"author":[{"embeddable":true,"href":"https:\/\/www.tollegno1900.it\/it\/wp-json\/wp\/v2\/users\/3"}],"replies":[{"embeddable":true,"href":"https:\/\/www.tollegno1900.it\/it\/wp-json\/wp\/v2\/comments?post=7410"}],"version-history":[{"count":1,"href":"https:\/\/www.tollegno1900.it\/it\/wp-json\/wp\/v2\/posts\/7410\/revisions"}],"predecessor-version":[{"id":7413,"href":"https:\/\/www.tollegno1900.it\/it\/wp-json\/wp\/v2\/posts\/7410\/revisions\/7413"}],"wp:featuredmedia":[{"embeddable":true,"href":"https:\/\/www.tollegno1900.it\/it\/wp-json\/wp\/v2\/media\/7411"}],"wp:attachment":[{"href":"https:\/\/www.tollegno1900.it\/it\/wp-json\/wp\/v2\/media?parent=7410"}],"wp:term":[{"taxonomy":"category","embeddable":true,"href":"https:\/\/www.tollegno1900.it\/it\/wp-json\/wp\/v2\/categories?post=7410"},{"taxonomy":"post_tag","embeddable":true,"href":"https:\/\/www.tollegno1900.it\/it\/wp-json\/wp\/v2\/tags?post=7410"},{"taxonomy":"orientamento_articolo","embeddable":true,"href":"https:\/\/www.tollegno1900.it\/it\/wp-json\/wp\/v2\/orientamento_articolo?post=7410"}],"curies":[{"name":"wp","href":"https:\/\/api.w.org\/{rel}","templated":true}]}}