{"id":8347,"date":"2024-03-06T07:57:29","date_gmt":"2024-03-06T06:57:29","guid":{"rendered":"https:\/\/www.tollegno1900.it\/?p=8347"},"modified":"2024-02-23T12:05:53","modified_gmt":"2024-02-23T11:05:53","slug":"open-day-il-tlab-si-apre-ai-piu-piccoli","status":"publish","type":"post","link":"https:\/\/www.tollegno1900.it\/it\/open-day-il-tlab-si-apre-ai-piu-piccoli\/","title":{"rendered":"OPEN DAY: IL TLAB SI APRE AI PIU\u2019 PICCOLI"},"content":{"rendered":"<p><img fetchpriority=\"high\" decoding=\"async\" class=\"wp-image-8350 alignleft\" src=\"https:\/\/www.tollegno1900.it\/wp-content\/uploads\/2024\/02\/IMG-20240223-WA0017-1.jpg\" alt=\"\" width=\"392\" height=\"294\" srcset=\"https:\/\/www.tollegno1900.it\/wp-content\/uploads\/2024\/02\/IMG-20240223-WA0017-1.jpg 1600w, https:\/\/www.tollegno1900.it\/wp-content\/uploads\/2024\/02\/IMG-20240223-WA0017-1-300x225.jpg 300w, https:\/\/www.tollegno1900.it\/wp-content\/uploads\/2024\/02\/IMG-20240223-WA0017-1-1024x768.jpg 1024w, https:\/\/www.tollegno1900.it\/wp-content\/uploads\/2024\/02\/IMG-20240223-WA0017-1-768x576.jpg 768w, https:\/\/www.tollegno1900.it\/wp-content\/uploads\/2024\/02\/IMG-20240223-WA0017-1-1536x1152.jpg 1536w\" sizes=\"(max-width: 392px) 100vw, 392px\" \/>Dopo aver ospitato a Maggio 2023 i bambini dell\u2019ultimo anno della scuola dell\u2019infanzia di Tollegno, Tollegno 1900 apre nuovamente le porte del suo Tlab ai bimbi dell\u2019istituto di Andorno Micca. \u201cTrattandosi di piccoli di et\u00e0 compresa tra i 3 e i 5 anni, la visita che abbiamo strutturato \u00e8 durata un\u2019ora e mezza e si \u00e8 tenuta prevalentemente nel nostro \u00a0polo di ricerca e di sviluppo, dove si realizzano le collezioni Tollegno 1900. Un ambiente suggestivo, ricco di maglie e fili colorati, in cui ricreare la dimensione ludica \u00e8 pi\u00f9 semplice. Cos\u00ec infatti abbiamo fatto con gli studenti della scuola di Andorno Micca, a cui \u00a0abbiamo raccontato il ciclo della lana sfruttando una serie di cartelloni.\u00a0 Ci siamo concentrati soprattutto sulla lana merino, non solo perch\u00e9 \u00e8 quella di maggior pregio, ma \u00e8 anche quella utilizziamo per il nostro prodotto iconico: Harmony\u201d, dice Nicoletta Meriglio, R&amp;D Manager di Tollegno 1900. Tra spiegazioni, domande e curiosit\u00e0, l\u2019open day si \u00e8 chiuso con la consegna di un piccolo dono a tutti i partecipanti.<\/p>\n<p>\u201cIn questa edizione abbiamo regalato loro un cappellino realizzato con filo rigenerato e, come forma di ringraziamento, a nostra volta abbiamo ricevuto un omaggio frutto della loro creativit\u00e0\u201d. Il valore del format di presentazione pensato da Tollegno 1900 \u00e8 confermato dal crescente interesse dimostrato dalle scuole. \u201cDa molti anni l\u2019azienda riceve nei suoi spazi scuole superiori o di moda, coinvolgendole \u00a0in un tour dei vari reparti. Nel caso specifico degli istituti per l\u2019Infanzia, per ragioni di sicurezza, si \u00e8 pensato invece ad un approccio pi\u00f9 soft, \u00a0che risulta comunque valido per mettere i bambini in relazione con una realt\u00e0 lavorativa del territorio molto conosciuta e strettamente connessa alle sue origini. Ma non solo. Durante questi incontri cerchiamo anche di educare i partecipanti all\u2019uso della lana, prodotto naturale e di qualit\u00e0 capace di regalare benessere. Innegabile infine che, quanti sono impegnati nell\u2019accoglierli, hanno anche la possibilit\u00e0 di vivere una dimensione gioiosa e serena che alleggerisce la giornata e consente di dare il giusto peso a tutto ci\u00f2 che viene enfatizzato nell\u2019ambiente lavorativo\u201d, conclude Meriglio.<\/p>\n","protected":false},"excerpt":{"rendered":"<p>Ritornano le visite in azienda per le scuole per l&#8217;infanzia.<\/p>\n","protected":false},"author":3,"featured_media":8348,"comment_status":"closed","ping_status":"closed","sticky":false,"template":"","format":"standard","meta":{"_acf_changed":false,"footnotes":""},"categories":[7,10],"tags":[723,1076,1075],"orientamento_articolo":[13],"class_list":["post-8347","post","type-post","status-publish","format-standard","has-post-thumbnail","hentry","category-filati","category-stile-e-tendenze","tag-filati-tollegno-1900","tag-formazione","tag-scuole","orientamento_articolo-orizzontale"],"acf":[],"yoast_head":"<!-- This site is optimized with the Yoast SEO plugin v27.2 - https:\/\/yoast.com\/product\/yoast-seo-wordpress\/ -->\n<title>OPEN DAY: IL TLAB SI APRE AI PIU\u2019 PICCOLI - Tollegno 1900<\/title>\n<meta name=\"robots\" content=\"index, follow, max-snippet:-1, max-image-preview:large, max-video-preview:-1\" \/>\n<link rel=\"canonical\" href=\"https:\/\/www.tollegno1900.it\/it\/open-day-il-tlab-si-apre-ai-piu-piccoli\/\" \/>\n<meta property=\"og:locale\" content=\"it_IT\" \/>\n<meta property=\"og:type\" content=\"article\" \/>\n<meta property=\"og:title\" content=\"OPEN DAY: IL TLAB SI APRE AI PIU\u2019 PICCOLI - Tollegno 1900\" \/>\n<meta property=\"og:description\" content=\"Ritornano le visite in azienda per le scuole per l&#039;infanzia.\" \/>\n<meta property=\"og:url\" content=\"https:\/\/www.tollegno1900.it\/it\/open-day-il-tlab-si-apre-ai-piu-piccoli\/\" \/>\n<meta property=\"og:site_name\" content=\"Tollegno 1900\" \/>\n<meta property=\"article:published_time\" content=\"2024-03-06T06:57:29+00:00\" \/>\n<meta property=\"og:image\" content=\"https:\/\/www.tollegno1900.it\/wp-content\/uploads\/2024\/02\/bimbi.jpg\" \/>\n\t<meta property=\"og:image:width\" content=\"1200\" \/>\n\t<meta property=\"og:image:height\" content=\"1200\" \/>\n\t<meta property=\"og:image:type\" content=\"image\/jpeg\" \/>\n<meta name=\"author\" content=\"Raffaella Borea\" \/>\n<meta name=\"twitter:card\" content=\"summary_large_image\" \/>\n<meta name=\"twitter:label1\" content=\"Scritto da\" \/>\n\t<meta name=\"twitter:data1\" content=\"Raffaella Borea\" \/>\n\t<meta name=\"twitter:label2\" content=\"Tempo di lettura stimato\" \/>\n\t<meta name=\"twitter:data2\" content=\"2 minuti\" \/>\n<script type=\"application\/ld+json\" class=\"yoast-schema-graph\">{\"@context\":\"https:\/\/schema.org\",\"@graph\":[{\"@type\":\"Article\",\"@id\":\"https:\/\/www.tollegno1900.it\/it\/open-day-il-tlab-si-apre-ai-piu-piccoli\/#article\",\"isPartOf\":{\"@id\":\"https:\/\/www.tollegno1900.it\/it\/open-day-il-tlab-si-apre-ai-piu-piccoli\/\"},\"author\":{\"name\":\"Raffaella Borea\",\"@id\":\"https:\/\/www.tollegno1900.it\/it\/#\/schema\/person\/0754c61a56e7b94abd36238cda23d4da\"},\"headline\":\"OPEN DAY: IL TLAB SI APRE AI PIU\u2019 PICCOLI\",\"datePublished\":\"2024-03-06T06:57:29+00:00\",\"mainEntityOfPage\":{\"@id\":\"https:\/\/www.tollegno1900.it\/it\/open-day-il-tlab-si-apre-ai-piu-piccoli\/\"},\"wordCount\":350,\"image\":{\"@id\":\"https:\/\/www.tollegno1900.it\/it\/open-day-il-tlab-si-apre-ai-piu-piccoli\/#primaryimage\"},\"thumbnailUrl\":\"https:\/\/www.tollegno1900.it\/wp-content\/uploads\/2024\/02\/bimbi.jpg\",\"keywords\":[\"filati tollegno 1900\",\"formazione\",\"scuole\"],\"articleSection\":[\"Filati\",\"Stile e Tendenze\"],\"inLanguage\":\"it-IT\"},{\"@type\":\"WebPage\",\"@id\":\"https:\/\/www.tollegno1900.it\/it\/open-day-il-tlab-si-apre-ai-piu-piccoli\/\",\"url\":\"https:\/\/www.tollegno1900.it\/it\/open-day-il-tlab-si-apre-ai-piu-piccoli\/\",\"name\":\"OPEN DAY: IL TLAB SI APRE AI PIU\u2019 PICCOLI - Tollegno 1900\",\"isPartOf\":{\"@id\":\"https:\/\/www.tollegno1900.it\/it\/#website\"},\"primaryImageOfPage\":{\"@id\":\"https:\/\/www.tollegno1900.it\/it\/open-day-il-tlab-si-apre-ai-piu-piccoli\/#primaryimage\"},\"image\":{\"@id\":\"https:\/\/www.tollegno1900.it\/it\/open-day-il-tlab-si-apre-ai-piu-piccoli\/#primaryimage\"},\"thumbnailUrl\":\"https:\/\/www.tollegno1900.it\/wp-content\/uploads\/2024\/02\/bimbi.jpg\",\"datePublished\":\"2024-03-06T06:57:29+00:00\",\"author\":{\"@id\":\"https:\/\/www.tollegno1900.it\/it\/#\/schema\/person\/0754c61a56e7b94abd36238cda23d4da\"},\"breadcrumb\":{\"@id\":\"https:\/\/www.tollegno1900.it\/it\/open-day-il-tlab-si-apre-ai-piu-piccoli\/#breadcrumb\"},\"inLanguage\":\"it-IT\",\"potentialAction\":[{\"@type\":\"ReadAction\",\"target\":[\"https:\/\/www.tollegno1900.it\/it\/open-day-il-tlab-si-apre-ai-piu-piccoli\/\"]}]},{\"@type\":\"ImageObject\",\"inLanguage\":\"it-IT\",\"@id\":\"https:\/\/www.tollegno1900.it\/it\/open-day-il-tlab-si-apre-ai-piu-piccoli\/#primaryimage\",\"url\":\"https:\/\/www.tollegno1900.it\/wp-content\/uploads\/2024\/02\/bimbi.jpg\",\"contentUrl\":\"https:\/\/www.tollegno1900.it\/wp-content\/uploads\/2024\/02\/bimbi.jpg\",\"width\":1200,\"height\":1200},{\"@type\":\"BreadcrumbList\",\"@id\":\"https:\/\/www.tollegno1900.it\/it\/open-day-il-tlab-si-apre-ai-piu-piccoli\/#breadcrumb\",\"itemListElement\":[{\"@type\":\"ListItem\",\"position\":1,\"name\":\"Home\",\"item\":\"https:\/\/www.tollegno1900.it\/it\/\"},{\"@type\":\"ListItem\",\"position\":2,\"name\":\"OPEN DAY: IL TLAB SI APRE AI PIU\u2019 PICCOLI\"}]},{\"@type\":\"WebSite\",\"@id\":\"https:\/\/www.tollegno1900.it\/it\/#website\",\"url\":\"https:\/\/www.tollegno1900.it\/it\/\",\"name\":\"Tollegno 1900\",\"description\":\"Tessitura e Filatura\",\"potentialAction\":[{\"@type\":\"SearchAction\",\"target\":{\"@type\":\"EntryPoint\",\"urlTemplate\":\"https:\/\/www.tollegno1900.it\/it\/?s={search_term_string}\"},\"query-input\":{\"@type\":\"PropertyValueSpecification\",\"valueRequired\":true,\"valueName\":\"search_term_string\"}}],\"inLanguage\":\"it-IT\"},{\"@type\":\"Person\",\"@id\":\"https:\/\/www.tollegno1900.it\/it\/#\/schema\/person\/0754c61a56e7b94abd36238cda23d4da\",\"name\":\"Raffaella Borea\",\"image\":{\"@type\":\"ImageObject\",\"inLanguage\":\"it-IT\",\"@id\":\"https:\/\/secure.gravatar.com\/avatar\/6b528fdab6e028709f1bbac099888f502f4435e4dca51bdb78eb29a13d9251cb?s=96&d=mm&r=g\",\"url\":\"https:\/\/secure.gravatar.com\/avatar\/6b528fdab6e028709f1bbac099888f502f4435e4dca51bdb78eb29a13d9251cb?s=96&d=mm&r=g\",\"contentUrl\":\"https:\/\/secure.gravatar.com\/avatar\/6b528fdab6e028709f1bbac099888f502f4435e4dca51bdb78eb29a13d9251cb?s=96&d=mm&r=g\",\"caption\":\"Raffaella Borea\"},\"url\":\"https:\/\/www.tollegno1900.it\/it\/author\/raffaella-1900\/\"}]}<\/script>\n<!-- \/ Yoast SEO plugin. -->","yoast_head_json":{"title":"OPEN DAY: IL TLAB SI APRE AI PIU\u2019 PICCOLI - Tollegno 1900","robots":{"index":"index","follow":"follow","max-snippet":"max-snippet:-1","max-image-preview":"max-image-preview:large","max-video-preview":"max-video-preview:-1"},"canonical":"https:\/\/www.tollegno1900.it\/it\/open-day-il-tlab-si-apre-ai-piu-piccoli\/","og_locale":"it_IT","og_type":"article","og_title":"OPEN DAY: IL TLAB SI APRE AI PIU\u2019 PICCOLI - Tollegno 1900","og_description":"Ritornano le visite in azienda per le scuole per l'infanzia.","og_url":"https:\/\/www.tollegno1900.it\/it\/open-day-il-tlab-si-apre-ai-piu-piccoli\/","og_site_name":"Tollegno 1900","article_published_time":"2024-03-06T06:57:29+00:00","og_image":[{"width":1200,"height":1200,"url":"https:\/\/www.tollegno1900.it\/wp-content\/uploads\/2024\/02\/bimbi.jpg","type":"image\/jpeg"}],"author":"Raffaella Borea","twitter_card":"summary_large_image","twitter_misc":{"Scritto da":"Raffaella Borea","Tempo di lettura stimato":"2 minuti"},"schema":{"@context":"https:\/\/schema.org","@graph":[{"@type":"Article","@id":"https:\/\/www.tollegno1900.it\/it\/open-day-il-tlab-si-apre-ai-piu-piccoli\/#article","isPartOf":{"@id":"https:\/\/www.tollegno1900.it\/it\/open-day-il-tlab-si-apre-ai-piu-piccoli\/"},"author":{"name":"Raffaella Borea","@id":"https:\/\/www.tollegno1900.it\/it\/#\/schema\/person\/0754c61a56e7b94abd36238cda23d4da"},"headline":"OPEN DAY: IL TLAB SI APRE AI PIU\u2019 PICCOLI","datePublished":"2024-03-06T06:57:29+00:00","mainEntityOfPage":{"@id":"https:\/\/www.tollegno1900.it\/it\/open-day-il-tlab-si-apre-ai-piu-piccoli\/"},"wordCount":350,"image":{"@id":"https:\/\/www.tollegno1900.it\/it\/open-day-il-tlab-si-apre-ai-piu-piccoli\/#primaryimage"},"thumbnailUrl":"https:\/\/www.tollegno1900.it\/wp-content\/uploads\/2024\/02\/bimbi.jpg","keywords":["filati tollegno 1900","formazione","scuole"],"articleSection":["Filati","Stile e Tendenze"],"inLanguage":"it-IT"},{"@type":"WebPage","@id":"https:\/\/www.tollegno1900.it\/it\/open-day-il-tlab-si-apre-ai-piu-piccoli\/","url":"https:\/\/www.tollegno1900.it\/it\/open-day-il-tlab-si-apre-ai-piu-piccoli\/","name":"OPEN DAY: IL TLAB SI APRE AI PIU\u2019 PICCOLI - Tollegno 1900","isPartOf":{"@id":"https:\/\/www.tollegno1900.it\/it\/#website"},"primaryImageOfPage":{"@id":"https:\/\/www.tollegno1900.it\/it\/open-day-il-tlab-si-apre-ai-piu-piccoli\/#primaryimage"},"image":{"@id":"https:\/\/www.tollegno1900.it\/it\/open-day-il-tlab-si-apre-ai-piu-piccoli\/#primaryimage"},"thumbnailUrl":"https:\/\/www.tollegno1900.it\/wp-content\/uploads\/2024\/02\/bimbi.jpg","datePublished":"2024-03-06T06:57:29+00:00","author":{"@id":"https:\/\/www.tollegno1900.it\/it\/#\/schema\/person\/0754c61a56e7b94abd36238cda23d4da"},"breadcrumb":{"@id":"https:\/\/www.tollegno1900.it\/it\/open-day-il-tlab-si-apre-ai-piu-piccoli\/#breadcrumb"},"inLanguage":"it-IT","potentialAction":[{"@type":"ReadAction","target":["https:\/\/www.tollegno1900.it\/it\/open-day-il-tlab-si-apre-ai-piu-piccoli\/"]}]},{"@type":"ImageObject","inLanguage":"it-IT","@id":"https:\/\/www.tollegno1900.it\/it\/open-day-il-tlab-si-apre-ai-piu-piccoli\/#primaryimage","url":"https:\/\/www.tollegno1900.it\/wp-content\/uploads\/2024\/02\/bimbi.jpg","contentUrl":"https:\/\/www.tollegno1900.it\/wp-content\/uploads\/2024\/02\/bimbi.jpg","width":1200,"height":1200},{"@type":"BreadcrumbList","@id":"https:\/\/www.tollegno1900.it\/it\/open-day-il-tlab-si-apre-ai-piu-piccoli\/#breadcrumb","itemListElement":[{"@type":"ListItem","position":1,"name":"Home","item":"https:\/\/www.tollegno1900.it\/it\/"},{"@type":"ListItem","position":2,"name":"OPEN DAY: IL TLAB SI APRE AI PIU\u2019 PICCOLI"}]},{"@type":"WebSite","@id":"https:\/\/www.tollegno1900.it\/it\/#website","url":"https:\/\/www.tollegno1900.it\/it\/","name":"Tollegno 1900","description":"Tessitura e Filatura","potentialAction":[{"@type":"SearchAction","target":{"@type":"EntryPoint","urlTemplate":"https:\/\/www.tollegno1900.it\/it\/?s={search_term_string}"},"query-input":{"@type":"PropertyValueSpecification","valueRequired":true,"valueName":"search_term_string"}}],"inLanguage":"it-IT"},{"@type":"Person","@id":"https:\/\/www.tollegno1900.it\/it\/#\/schema\/person\/0754c61a56e7b94abd36238cda23d4da","name":"Raffaella Borea","image":{"@type":"ImageObject","inLanguage":"it-IT","@id":"https:\/\/secure.gravatar.com\/avatar\/6b528fdab6e028709f1bbac099888f502f4435e4dca51bdb78eb29a13d9251cb?s=96&d=mm&r=g","url":"https:\/\/secure.gravatar.com\/avatar\/6b528fdab6e028709f1bbac099888f502f4435e4dca51bdb78eb29a13d9251cb?s=96&d=mm&r=g","contentUrl":"https:\/\/secure.gravatar.com\/avatar\/6b528fdab6e028709f1bbac099888f502f4435e4dca51bdb78eb29a13d9251cb?s=96&d=mm&r=g","caption":"Raffaella Borea"},"url":"https:\/\/www.tollegno1900.it\/it\/author\/raffaella-1900\/"}]}},"_links":{"self":[{"href":"https:\/\/www.tollegno1900.it\/it\/wp-json\/wp\/v2\/posts\/8347","targetHints":{"allow":["GET"]}}],"collection":[{"href":"https:\/\/www.tollegno1900.it\/it\/wp-json\/wp\/v2\/posts"}],"about":[{"href":"https:\/\/www.tollegno1900.it\/it\/wp-json\/wp\/v2\/types\/post"}],"author":[{"embeddable":true,"href":"https:\/\/www.tollegno1900.it\/it\/wp-json\/wp\/v2\/users\/3"}],"replies":[{"embeddable":true,"href":"https:\/\/www.tollegno1900.it\/it\/wp-json\/wp\/v2\/comments?post=8347"}],"version-history":[{"count":1,"href":"https:\/\/www.tollegno1900.it\/it\/wp-json\/wp\/v2\/posts\/8347\/revisions"}],"predecessor-version":[{"id":8352,"href":"https:\/\/www.tollegno1900.it\/it\/wp-json\/wp\/v2\/posts\/8347\/revisions\/8352"}],"wp:featuredmedia":[{"embeddable":true,"href":"https:\/\/www.tollegno1900.it\/it\/wp-json\/wp\/v2\/media\/8348"}],"wp:attachment":[{"href":"https:\/\/www.tollegno1900.it\/it\/wp-json\/wp\/v2\/media?parent=8347"}],"wp:term":[{"taxonomy":"category","embeddable":true,"href":"https:\/\/www.tollegno1900.it\/it\/wp-json\/wp\/v2\/categories?post=8347"},{"taxonomy":"post_tag","embeddable":true,"href":"https:\/\/www.tollegno1900.it\/it\/wp-json\/wp\/v2\/tags?post=8347"},{"taxonomy":"orientamento_articolo","embeddable":true,"href":"https:\/\/www.tollegno1900.it\/it\/wp-json\/wp\/v2\/orientamento_articolo?post=8347"}],"curies":[{"name":"wp","href":"https:\/\/api.w.org\/{rel}","templated":true}]}}